{"id":19489,"date":"2024-10-03T22:14:11","date_gmt":"2024-10-03T22:14:11","guid":{"rendered":"https:\/\/radiocresatelital.com\/?p=19489"},"modified":"2024-10-03T22:22:08","modified_gmt":"2024-10-03T22:22:08","slug":"las-bandas-de-guerra-se-toman-mall-del-sur-para-celebrar-a-guayaquil","status":"publish","type":"post","link":"https:\/\/radiocresatelital.com\/?p=19489","title":{"rendered":"Las Bandas de Guerra se toman Mall del Sur para celebrar a Guayaquil"},"content":{"rendered":"<p class=\"x_MsoNormal\"><span lang=\"ES\" data-olk-copy-source=\"MessageBody\">Guayaquil.- El mes de Guayaquil y el Aniversario 20 de Mall del Sur se celebran en octubre, y como parte de las actividades preparadas para festejar junto al p\u00fablico regresan \u201cLas Bandas de Guerra\u201d, conformadas por estudiantes de ic\u00f3nicas unidades educativas que compartir\u00e1n su entusiasmo y fervor c\u00edvico para fortalecer la esencia y orgullo Huancavilca.<\/span><span lang=\"ES\">\u00a0<\/span><\/p>\n<p class=\"x_MsoNormal\"><span lang=\"ES\">\u201cAl ritmo de Guayaquil Independiente\u201d, Mall del Sur recibir\u00e1 a los j\u00f3venes quienes encender\u00e1n el ambiente con sus notas musicales y coordinaci\u00f3n, entonando tradicionales y muy conocidos temas que evocan a la ciudad de anta\u00f1o.\u00a0 Es una experiencia que retoma el centro comercial para poner el toque de festividad y algarab\u00eda de independencia.<\/span><span lang=\"ES\">\u00a0<\/span><\/p>\n<p class=\"x_MsoNormal\"><span lang=\"ES\">A continuaci\u00f3n se detalla el cronograma de estos eventos:<\/span><span lang=\"ES\">\u00a0<\/span><\/p>\n<p class=\"x_MsoListParagraphCxSpFirst\"><span lang=\"ES\">&#8211;\u00a0\u00a0\u00a0\u00a0\u00a0\u00a0\u00a0\u00a0\u00a0<\/span><span lang=\"ES\">Unidad Educativa \u00c1guilas de Cristo: 4 de octubre a las 12h00 locales (17h00 GMT).<\/span><\/p>\n<p class=\"x_MsoListParagraphCxSpMiddle\"><span lang=\"ES\">&#8211;\u00a0\u00a0\u00a0\u00a0\u00a0\u00a0\u00a0\u00a0\u00a0<\/span><span lang=\"ES\">Unidad Educativa Aurora Estrada: 7 de octubre a las 12h00 locales (17h00 GMT).<\/span><\/p>\n<p class=\"x_MsoListParagraphCxSpLast\"><span lang=\"ES\">&#8211;\u00a0\u00a0\u00a0\u00a0\u00a0\u00a0\u00a0\u00a0\u00a0<\/span><span lang=\"ES\">Unidad Educativa Eloy Alfaro: 8 de octubre a las 13h30 locales (18h30 GMT).<\/span><span lang=\"ES\">\u00a0<\/span><\/p>\n<p class=\"x_MsoNormal\"><span lang=\"ES\">De esta manera, Mall del Sur arranca las festividades en este mes cargado de muchas sorpresas, eventos, promociones y m\u00e1s; invitando a sus clientes y p\u00fablico en general a que puedan disfrutar de una agenda preparada para el deleite de la familia.<\/span><\/p>\n","protected":false},"excerpt":{"rendered":"<p>Guayaquil.- El mes de Guayaquil y el Aniversario 20 de Mall del Sur se celebran en octubre, y como parte de las actividades preparadas para festejar junto al p\u00fablico regresan \u201cLas Bandas de Guerra\u201d, conformadas por estudiantes de ic\u00f3nicas unidades educativas que compartir\u00e1n su entusiasmo y fervor c\u00edvico para fortalecer la esencia y orgullo Huancavilca.\u00a0 [&hellip;]<\/p>\n","protected":false},"author":2,"featured_media":19495,"comment_status":"open","ping_status":"closed","sticky":false,"template":"","format":"standard","meta":{"_jetpack_memberships_contains_paid_content":false,"footnotes":""},"categories":[33,13],"tags":[246],"class_list":["post-19489","post","type-post","status-publish","format-standard","has-post-thumbnail","hentry","category-guayaquil","category-noticias-nacionales","tag-mall-del-sur"],"jetpack_featured_media_url":"https:\/\/radiocresatelital.com\/wp-content\/uploads\/2024\/10\/Colegio-Vicente-Trujillo-1.jpeg","jetpack_sharing_enabled":true,"_links":{"self":[{"href":"https:\/\/radiocresatelital.com\/index.php?rest_route=\/wp\/v2\/posts\/19489","targetHints":{"allow":["GET"]}}],"collection":[{"href":"https:\/\/radiocresatelital.com\/index.php?rest_route=\/wp\/v2\/posts"}],"about":[{"href":"https:\/\/radiocresatelital.com\/index.php?rest_route=\/wp\/v2\/types\/post"}],"author":[{"embeddable":true,"href":"https:\/\/radiocresatelital.com\/index.php?rest_route=\/wp\/v2\/users\/2"}],"replies":[{"embeddable":true,"href":"https:\/\/radiocresatelital.com\/index.php?rest_route=%2Fwp%2Fv2%2Fcomments&post=19489"}],"version-history":[{"count":1,"href":"https:\/\/radiocresatelital.com\/index.php?rest_route=\/wp\/v2\/posts\/19489\/revisions"}],"predecessor-version":[{"id":19491,"href":"https:\/\/radiocresatelital.com\/index.php?rest_route=\/wp\/v2\/posts\/19489\/revisions\/19491"}],"wp:featuredmedia":[{"embeddable":true,"href":"https:\/\/radiocresatelital.com\/index.php?rest_route=\/wp\/v2\/media\/19495"}],"wp:attachment":[{"href":"https:\/\/radiocresatelital.com\/index.php?rest_route=%2Fwp%2Fv2%2Fmedia&parent=19489"}],"wp:term":[{"taxonomy":"category","embeddable":true,"href":"https:\/\/radiocresatelital.com\/index.php?rest_route=%2Fwp%2Fv2%2Fcategories&post=19489"},{"taxonomy":"post_tag","embeddable":true,"href":"https:\/\/radiocresatelital.com\/index.php?rest_route=%2Fwp%2Fv2%2Ftags&post=19489"}],"curies":[{"name":"wp","href":"https:\/\/api.w.org\/{rel}","templated":true}]}}