{"id":19337,"date":"2024-09-27T05:07:45","date_gmt":"2024-09-27T05:07:45","guid":{"rendered":"https:\/\/radiocresatelital.com\/?p=19337"},"modified":"2024-09-27T05:07:45","modified_gmt":"2024-09-27T05:07:45","slug":"un-argentino-dos-brasilenos-y-un-uruguayo-buscaran-el-trofeo-de-copa-libertadores-de-america","status":"publish","type":"post","link":"https:\/\/radiocresatelital.com\/?p=19337","title":{"rendered":"Un Argentino, dos Brasile\u00f1os y un Uruguayo buscar\u00e1n el trofeo de Copa Libertadores de Am\u00e9rica"},"content":{"rendered":"<p>Buenos Aires.- Los equipos de River Plate, Atl\u00e9tico Mineiro, Pe\u00f1arol y Botafogo estar\u00e1n luchando por colocarse la corona de Fluminense, el campe\u00f3n de la Copa Libertadores 2023 que se despidi\u00f3 del torneo al caer en los cuartos de final.<\/p>\n<p>El verdugo del \u2018Flu\u2019 fue otro rey del certamen, Atl\u00e9tico Mineiro, que logr\u00f3 la \u00e9pica el mi\u00e9rcoles al darle vuelta al marcador y vencer por 2-0 en casa y darle la estocada final al equipo de Mano Menezes.<\/p>\n<p>De los cinco equipos brasile\u00f1os que estaban entre los ocho mejores, avanzaron dos a las semifinales que comenzar\u00e1n el 22 de octubre. A estos les prometen dar batalla un argentino y un uruguayo, River Plate y Pe\u00f1arol, tambi\u00e9n con estela de reyes.<\/p>\n<p>Deyverson, con dos goles decisivos, mand\u00f3 el mi\u00e9rcoles a casa a Fluminense, campe\u00f3n de la Copa Libertadores 2023, y meti\u00f3 al Atl\u00e9tico Mineiro en las semifinales, donde se medir\u00e1 con River Plate.<\/p>\n<p>El doblete de Deyverson a los 50 y 89 minutos le dio la vuelta \u2018in extremis\u2019 a la derrota por 1-0 que el Mineiro encaj\u00f3 la semana pasada en el Maracan\u00e1.<\/p>\n<p>Y eso que el equipo que dirige el argentino Gabriel Milito pudo irse arriba sin tanto sufrimiento cuando en el minuto 7 Hulk fall\u00f3 un penalti por mano del colombiano Jhon Arias, pero el portero F\u00e1bio adivin\u00f3 el lado y detuvo el lanzamiento.<\/p>\n<p>El \u2018Flu\u2019 ahora tendr\u00e1 que centrarse en no descender a la segunda divisi\u00f3n del Campeonato Brasile\u00f1o.<\/p>\n<p>Botafogo, del t\u00e9cnico portugu\u00e9s Artur Jorge, silenci\u00f3 el Morumb\u00ed tras eliminar a S\u00e3o Paulo del argentino Luis Zubeld\u00eda en la tanda de penaltis (4-5), despu\u00e9s del 1-1 en los 90 minutos, y se plant\u00f3 en unas semifinales de la Copa Libertadores 51 a\u00f1os despu\u00e9s, ronda en la que se medir\u00e1 con Pe\u00f1arol.<\/p>\n<p>El argentino Thiago Almada adelant\u00f3 al equipo de R\u00edo de Janeiro en el minuto 15, pero su compatriota Jonathan Calleri dej\u00f3 todo igual en el 87 y llev\u00f3 a los penaltis esta serie entre equipos brasile\u00f1os que ven\u00edan de empatar sin goles en la ida.<\/p>\n<p>El propio Calleri, que estrell\u00f3 su lanzamiento al palo, y Rodrigo Nestor, que no super\u00f3 al guardameta John, fallaron y le dieron la clasificaci\u00f3n a un Botafogo que no pisaba unas semifinales de Libertadores desde 1973 y que es, adem\u00e1s, l\u00edder en la Liga brasile\u00f1a.<\/p>\n<p>Final cruel para S\u00e3o Paulo, tres veces campe\u00f3n del m\u00e1ximo torneo de clubes en Am\u00e9rica, que err\u00f3 con Lucas Moura un penalti en el tiempo reglamentario.<\/p>\n<p>Al uruguayo Pe\u00f1arol, pentacampe\u00f3n del torneo, le bast\u00f3 el gol que logr\u00f3 en el partido de ida en el que se impuso en el Maracan\u00e1 por 0-1 para enviar a la cuneta al Flamengo de Tite.<\/p>\n<p>En una serie que enfrentaba a dos de los m\u00e1s ganadores de la Copa Libertadores, pues Flamengo es tricampe\u00f3n, el equipo de Diego Aguirre manej\u00f3 con inteligencia en Montevideo la ventaja de su \u2018Maracanazo\u2019 y consigui\u00f3 un empate 0-0 este jueves que le dio el pase a la semifinal.<\/p>\n<p>Como en los viejos tiempos, el club charr\u00faa sac\u00f3 su casta, volvi\u00f3 a reconciliarse con la historia y celebr\u00f3 por todo lo alto en la cancha y en las grader\u00edas del estadio Campe\u00f3n del Siglo.<\/p>\n<div class=\"wp-block-image\">\n<figure class=\"aligncenter size-full\">Con un gol de Facundo Colidio, River Plate sell\u00f3 el pasaporte a las semifinales de la Copa Libertadores luego de cuatro a\u00f1os y se enfrentar\u00e1 por el pase a la final con Atl\u00e9tico Mineiro.<\/figure>\n<\/div>\n<p>En el minuto 16 una jugada de pelota quieta deriv\u00f3 en un centro cruzado para la llegada en solitario de Colidio para marcar el \u00fanico tanto del encuentro luego del 1-1 del partido de ida en Santiago.<\/p>\n<p>River ha sido campe\u00f3n continental en 1986, 1996, 2015 y 2018, mientras que su rival en la semifinal, Atl\u00e9tico Mineiro, se coron\u00f3 en 2013.<\/p>\n","protected":false},"excerpt":{"rendered":"<p>Buenos Aires.- Los equipos de River Plate, Atl\u00e9tico Mineiro, Pe\u00f1arol y Botafogo estar\u00e1n luchando por colocarse la corona de Fluminense, el campe\u00f3n de la Copa Libertadores 2023 que se despidi\u00f3 del torneo al caer en los cuartos de final. El verdugo del \u2018Flu\u2019 fue otro rey del certamen, Atl\u00e9tico Mineiro, que logr\u00f3 la \u00e9pica el [&hellip;]<\/p>\n","protected":false},"author":2,"featured_media":8957,"comment_status":"open","ping_status":"closed","sticky":false,"template":"","format":"standard","meta":{"_jetpack_memberships_contains_paid_content":false,"footnotes":""},"categories":[212],"tags":[3049,2161,213,3048,2784],"class_list":["post-19337","post","type-post","status-publish","format-standard","has-post-thumbnail","hentry","category-copa-libertadores","tag-atletico-mineiro","tag-botafogo","tag-copa-libertadores","tag-penarol","tag-river-plate"],"jetpack_featured_media_url":"https:\/\/radiocresatelital.com\/wp-content\/uploads\/2023\/12\/Se-definieron-los-representantes-de-Ecuador-para-la-Copa-Libertadores-2024.jpg","jetpack_sharing_enabled":true,"_links":{"self":[{"href":"https:\/\/radiocresatelital.com\/index.php?rest_route=\/wp\/v2\/posts\/19337","targetHints":{"allow":["GET"]}}],"collection":[{"href":"https:\/\/radiocresatelital.com\/index.php?rest_route=\/wp\/v2\/posts"}],"about":[{"href":"https:\/\/radiocresatelital.com\/index.php?rest_route=\/wp\/v2\/types\/post"}],"author":[{"embeddable":true,"href":"https:\/\/radiocresatelital.com\/index.php?rest_route=\/wp\/v2\/users\/2"}],"replies":[{"embeddable":true,"href":"https:\/\/radiocresatelital.com\/index.php?rest_route=%2Fwp%2Fv2%2Fcomments&post=19337"}],"version-history":[{"count":1,"href":"https:\/\/radiocresatelital.com\/index.php?rest_route=\/wp\/v2\/posts\/19337\/revisions"}],"predecessor-version":[{"id":19338,"href":"https:\/\/radiocresatelital.com\/index.php?rest_route=\/wp\/v2\/posts\/19337\/revisions\/19338"}],"wp:featuredmedia":[{"embeddable":true,"href":"https:\/\/radiocresatelital.com\/index.php?rest_route=\/wp\/v2\/media\/8957"}],"wp:attachment":[{"href":"https:\/\/radiocresatelital.com\/index.php?rest_route=%2Fwp%2Fv2%2Fmedia&parent=19337"}],"wp:term":[{"taxonomy":"category","embeddable":true,"href":"https:\/\/radiocresatelital.com\/index.php?rest_route=%2Fwp%2Fv2%2Fcategories&post=19337"},{"taxonomy":"post_tag","embeddable":true,"href":"https:\/\/radiocresatelital.com\/index.php?rest_route=%2Fwp%2Fv2%2Ftags&post=19337"}],"curies":[{"name":"wp","href":"https:\/\/api.w.org\/{rel}","templated":true}]}}