{"id":19206,"date":"2024-09-25T19:19:27","date_gmt":"2024-09-25T19:19:27","guid":{"rendered":"https:\/\/radiocresatelital.com\/?p=19206"},"modified":"2024-09-25T21:22:03","modified_gmt":"2024-09-25T21:22:03","slug":"ecuador-se-prepara-para-el-foro-mas-importante-de-equidad-de-genero-y-transformacion-empresarial-de-america-latina","status":"publish","type":"post","link":"https:\/\/radiocresatelital.com\/?p=19206","title":{"rendered":"Ecuador se prepara para el foro m\u00e1s importante de equidad de g\u00e9nero y transformaci\u00f3n empresarial de Am\u00e9rica Latina"},"content":{"rendered":"<p>Quito.- La cuarta edici\u00f3n del <strong>Women Economic Forum Ecuador<\/strong> reunir\u00e1 a m\u00e1s de <strong>59 expertos internacionales de 14 pa\u00edses<\/strong>, donde se abordar\u00e1n diversas tem\u00e1ticas como innovaci\u00f3n, econom\u00eda, emprendimiento, liderazgo y transformaci\u00f3n.<\/p>\n<p>Con el lema <strong>\u00abLegado, Cooperaci\u00f3n y Progreso\u00bb<\/strong>, esta edici\u00f3n otorgar\u00e1 <strong>60 becas profesionales<\/strong> en \u00e1reas de liderazgo y negocios, de las cuales el <strong>80% ser\u00e1n destinadas a mujeres<\/strong> participantes del foro.<\/p>\n<p>El Women Economic Forum se consolida como una iniciativa internacional de gran impacto local, promoviendo la cooperaci\u00f3n y fortaleciendo el sector empresarial con un enfoque en la reducci\u00f3n de las brechas de g\u00e9nero, impulsada por sinergias entre el sector privado.<\/p>\n<p>El evento se celebrar\u00e1 el pr\u00f3ximo 26 de septiembre en el Hotel Mercure de Quito, desde las 08h30 hasta las 17h30 locales (13h30 hasta las 22h30 GMT).<\/p>\n<p>Esta jornada impulsar\u00e1 el intercambio de ideas, la colaboraci\u00f3n y el fortalecimiento de alianzas estrat\u00e9gicas.<\/p>\n","protected":false},"excerpt":{"rendered":"<p>Quito.- La cuarta edici\u00f3n del Women Economic Forum Ecuador reunir\u00e1 a m\u00e1s de 59 expertos internacionales de 14 pa\u00edses, donde se abordar\u00e1n diversas tem\u00e1ticas como innovaci\u00f3n, econom\u00eda, emprendimiento, liderazgo y transformaci\u00f3n. Con el lema \u00abLegado, Cooperaci\u00f3n y Progreso\u00bb, esta edici\u00f3n otorgar\u00e1 60 becas profesionales en \u00e1reas de liderazgo y negocios, de las cuales el 80% [&hellip;]<\/p>\n","protected":false},"author":2,"featured_media":19207,"comment_status":"open","ping_status":"closed","sticky":false,"template":"","format":"standard","meta":{"_jetpack_memberships_contains_paid_content":false,"footnotes":""},"categories":[13],"tags":[3029],"class_list":["post-19206","post","type-post","status-publish","format-standard","has-post-thumbnail","hentry","category-noticias-nacionales","tag-women-economic-forum-ecuador"],"jetpack_featured_media_url":"https:\/\/radiocresatelital.com\/wp-content\/uploads\/2024\/09\/WhatsApp-Image-2024-09-25-at-09.39.35.jpeg","jetpack_sharing_enabled":true,"_links":{"self":[{"href":"https:\/\/radiocresatelital.com\/index.php?rest_route=\/wp\/v2\/posts\/19206","targetHints":{"allow":["GET"]}}],"collection":[{"href":"https:\/\/radiocresatelital.com\/index.php?rest_route=\/wp\/v2\/posts"}],"about":[{"href":"https:\/\/radiocresatelital.com\/index.php?rest_route=\/wp\/v2\/types\/post"}],"author":[{"embeddable":true,"href":"https:\/\/radiocresatelital.com\/index.php?rest_route=\/wp\/v2\/users\/2"}],"replies":[{"embeddable":true,"href":"https:\/\/radiocresatelital.com\/index.php?rest_route=%2Fwp%2Fv2%2Fcomments&post=19206"}],"version-history":[{"count":1,"href":"https:\/\/radiocresatelital.com\/index.php?rest_route=\/wp\/v2\/posts\/19206\/revisions"}],"predecessor-version":[{"id":19208,"href":"https:\/\/radiocresatelital.com\/index.php?rest_route=\/wp\/v2\/posts\/19206\/revisions\/19208"}],"wp:featuredmedia":[{"embeddable":true,"href":"https:\/\/radiocresatelital.com\/index.php?rest_route=\/wp\/v2\/media\/19207"}],"wp:attachment":[{"href":"https:\/\/radiocresatelital.com\/index.php?rest_route=%2Fwp%2Fv2%2Fmedia&parent=19206"}],"wp:term":[{"taxonomy":"category","embeddable":true,"href":"https:\/\/radiocresatelital.com\/index.php?rest_route=%2Fwp%2Fv2%2Fcategories&post=19206"},{"taxonomy":"post_tag","embeddable":true,"href":"https:\/\/radiocresatelital.com\/index.php?rest_route=%2Fwp%2Fv2%2Ftags&post=19206"}],"curies":[{"name":"wp","href":"https:\/\/api.w.org\/{rel}","templated":true}]}}