{"id":19079,"date":"2024-09-19T19:07:55","date_gmt":"2024-09-19T19:07:55","guid":{"rendered":"https:\/\/radiocresatelital.com\/?p=19079"},"modified":"2024-09-19T21:09:55","modified_gmt":"2024-09-19T21:09:55","slug":"kiosko-y-roland-impulsan-el-talento-de-ilustradoras-ecuatorianas-con-una-colaboracion-que-fusiona-sabor-y-moda","status":"publish","type":"post","link":"https:\/\/radiocresatelital.com\/?p=19079","title":{"rendered":"KiosKo y Roland impulsan el talento de ilustradoras ecuatorianas con una colaboraci\u00f3n que fusiona sabor y moda"},"content":{"rendered":"<p>Quito.- KiosKo de Alpina, en colaboraci\u00f3n con Roland, reconocida marca del sector textil famosa por sus dise\u00f1os \u00fanicos, fusionan la pasi\u00f3n por el queso y la moda. Esta alianza tiene como objetivo apoyar el talento de las ilustradoras ecuatorianas Adriana Vinueza y Emilia Sigcho, quienes han plasmado su creatividad en una colecci\u00f3n exclusiva de medias inspiradas en la campa\u00f1a \u00abMundozzarella KiosKo\u201d.<\/p>\n<p>La idea surgi\u00f3 cuando ambas artistas, al ver un spot publicitario de \u201cMundozarella KiosKo\u201d, decidieron crear ilustraciones tem\u00e1ticas basadas en la versatilidad y el sabor del queso, las cuales compartieron en redes sociales. La respuesta positiva de la comunidad no se hizo esperar, lo que no solo llam\u00f3 la atenci\u00f3n de KiosKo, sino tambi\u00e9n de Roland para materializar estas ideas y convertirlas en una realidad.<\/p>\n<p>\u201cA nivel mundial, existe un creciente grupo de personas que celebran su pasi\u00f3n por el queso en todas sus formas. Esta colaboraci\u00f3n con Roland ofrece a los amantes del queso la oportunidad de sumergirse en el Mundozzarella desde una perspectiva diferente: la moda. No se trata solo de disfrutar de un producto, sino de incorporarlo en su vida cotidiana a trav\u00e9s de prendas que son tanto \u00fanicas como divertidas\u201d se\u00f1al\u00f3, Esteban Montenegro, jefe de marca categor\u00eda quesos de Alpina.<\/p>\n<p>Las ilustraciones, que incluyen figuras de queso en diferentes formas y tama\u00f1os, as\u00ed como monumentos emblem\u00e1ticos como la Torre Eiffel y la Mitad del Mundo reinterpretados en forma de queso, estar\u00e1n disponibles en una venta especial en las tiendas Roland en El Portal, Quicentro Sur y San Marino, los d\u00edas 21 y 22 de septiembre.<\/p>\n<p>Cristina Montero, Gerente de Roland, destac\u00f3 que: \u201ccompartimos la visi\u00f3n de Alpina y su marca KiosKo de llevar el talento ecuatoriano m\u00e1s all\u00e1 de las fronteras convencionales, permitiendo que ahora sus consumidores no solo disfruten de productos locales, sino que tambi\u00e9n vistan prendas que reflejan el talento nacional.\u201d<\/p>\n<p>Ambas marcas han trabajado estrechamente con las ilustradoras, invit\u00e1ndolas a participar activamente en el proceso creativo dentro de las instalaciones de Roland, donde se document\u00f3 su experiencia para compartirla con el p\u00fablico, fortaleciendo as\u00ed la visibilidad de artistas ecuatorianas en la industria.<\/p>\n","protected":false},"excerpt":{"rendered":"<p>Quito.- KiosKo de Alpina, en colaboraci\u00f3n con Roland, reconocida marca del sector textil famosa por sus dise\u00f1os \u00fanicos, fusionan la pasi\u00f3n por el queso y la moda. Esta alianza tiene como objetivo apoyar el talento de las ilustradoras ecuatorianas Adriana Vinueza y Emilia Sigcho, quienes han plasmado su creatividad en una colecci\u00f3n exclusiva de medias [&hellip;]<\/p>\n","protected":false},"author":2,"featured_media":19080,"comment_status":"open","ping_status":"closed","sticky":false,"template":"","format":"standard","meta":{"_jetpack_memberships_contains_paid_content":false,"footnotes":""},"categories":[13],"tags":[2260],"class_list":["post-19079","post","type-post","status-publish","format-standard","has-post-thumbnail","hentry","category-noticias-nacionales","tag-kiosko-de-alpina"],"jetpack_featured_media_url":"https:\/\/radiocresatelital.com\/wp-content\/uploads\/2024\/09\/WhatsApp-Image-2024-09-19-at-16.06.17.jpeg","jetpack_sharing_enabled":true,"_links":{"self":[{"href":"https:\/\/radiocresatelital.com\/index.php?rest_route=\/wp\/v2\/posts\/19079","targetHints":{"allow":["GET"]}}],"collection":[{"href":"https:\/\/radiocresatelital.com\/index.php?rest_route=\/wp\/v2\/posts"}],"about":[{"href":"https:\/\/radiocresatelital.com\/index.php?rest_route=\/wp\/v2\/types\/post"}],"author":[{"embeddable":true,"href":"https:\/\/radiocresatelital.com\/index.php?rest_route=\/wp\/v2\/users\/2"}],"replies":[{"embeddable":true,"href":"https:\/\/radiocresatelital.com\/index.php?rest_route=%2Fwp%2Fv2%2Fcomments&post=19079"}],"version-history":[{"count":1,"href":"https:\/\/radiocresatelital.com\/index.php?rest_route=\/wp\/v2\/posts\/19079\/revisions"}],"predecessor-version":[{"id":19081,"href":"https:\/\/radiocresatelital.com\/index.php?rest_route=\/wp\/v2\/posts\/19079\/revisions\/19081"}],"wp:featuredmedia":[{"embeddable":true,"href":"https:\/\/radiocresatelital.com\/index.php?rest_route=\/wp\/v2\/media\/19080"}],"wp:attachment":[{"href":"https:\/\/radiocresatelital.com\/index.php?rest_route=%2Fwp%2Fv2%2Fmedia&parent=19079"}],"wp:term":[{"taxonomy":"category","embeddable":true,"href":"https:\/\/radiocresatelital.com\/index.php?rest_route=%2Fwp%2Fv2%2Fcategories&post=19079"},{"taxonomy":"post_tag","embeddable":true,"href":"https:\/\/radiocresatelital.com\/index.php?rest_route=%2Fwp%2Fv2%2Ftags&post=19079"}],"curies":[{"name":"wp","href":"https:\/\/api.w.org\/{rel}","templated":true}]}}