{"id":1907,"date":"2023-08-03T20:37:52","date_gmt":"2023-08-03T20:37:52","guid":{"rendered":"https:\/\/radiocresatelital.com\/?p=1907"},"modified":"2023-08-03T20:37:52","modified_gmt":"2023-08-03T20:37:52","slug":"coe-firma-convenio-con-agencia-lateral","status":"publish","type":"post","link":"https:\/\/radiocresatelital.com\/?p=1907","title":{"rendered":"COE firma convenio con agencia Lateral"},"content":{"rendered":"<p>Guayaquil.- En las instalaciones del Comit\u00e9 Ol\u00edmpico Ecuatoriano su presidente Jorge Delgado Panchana suscribi\u00f3 un nuevo convenio para seguir impulsando el deporte y el olimpismo. Esta vez se realiz\u00f3 con la agencia de marketing deportivo Lateral, que se encargar\u00e1 de captar auspicios y patrocinios para la instituci\u00f3n.<br aria-hidden=\"true\" \/><br aria-hidden=\"true\" \/>Lateral adem\u00e1s brindar\u00e1 asesor\u00eda para establecer la estrategia de marketing en los diferentes eventos multideportivos en los que participa el Team Ecuador.<br aria-hidden=\"true\" \/><br aria-hidden=\"true\" \/>Esto le permitir\u00e1 al COE contar con recursos privados para el deporte ol\u00edmpico, los atletas y sus participaciones en los diferentes eventos del Ciclo Ol\u00edmpico. Los m\u00e1s pr\u00f3ximos son los Juegos Panamericanos Santiago 2023 en octubre y noviembre; los Juegos Bolivarianos de la Juventud en Sucre en abril de 2024; y los Juegos Ol\u00edmpicos en Par\u00eds en julio y agosto de 2024.<br aria-hidden=\"true\" \/><br aria-hidden=\"true\" \/>La entidad ol\u00edmpica adem\u00e1s promueve programas de responsabilidad social para ni\u00f1os y j\u00f3venes del pa\u00eds e impulsa diversas actividades a trav\u00e9s de la Academia Ol\u00edmpica Ecuatoriana y sus comisiones \u201cDeporte Para Todos\u201d, \u201cMujer y Deporte\u201d, y \u201cDeporte y Medio Ambiente\u201d.<\/p>\n","protected":false},"excerpt":{"rendered":"<p>Guayaquil.- En las instalaciones del Comit\u00e9 Ol\u00edmpico Ecuatoriano su presidente Jorge Delgado Panchana suscribi\u00f3 un nuevo convenio para seguir impulsando el deporte y el olimpismo. Esta vez se realiz\u00f3 con la agencia de marketing deportivo Lateral, que se encargar\u00e1 de captar auspicios y patrocinios para la instituci\u00f3n.Lateral adem\u00e1s brindar\u00e1 asesor\u00eda para establecer la estrategia de [&hellip;]<\/p>\n","protected":false},"author":2,"featured_media":1908,"comment_status":"open","ping_status":"closed","sticky":false,"template":"","format":"standard","meta":{"_jetpack_memberships_contains_paid_content":false,"footnotes":""},"categories":[9],"tags":[437],"class_list":["post-1907","post","type-post","status-publish","format-standard","has-post-thumbnail","hentry","category-deportes","tag-coe"],"jetpack_featured_media_url":"https:\/\/radiocresatelital.com\/wp-content\/uploads\/2023\/08\/9314e4bd-4bef-bc92-9eed-e8786b368239.jpg","jetpack_sharing_enabled":true,"_links":{"self":[{"href":"https:\/\/radiocresatelital.com\/index.php?rest_route=\/wp\/v2\/posts\/1907","targetHints":{"allow":["GET"]}}],"collection":[{"href":"https:\/\/radiocresatelital.com\/index.php?rest_route=\/wp\/v2\/posts"}],"about":[{"href":"https:\/\/radiocresatelital.com\/index.php?rest_route=\/wp\/v2\/types\/post"}],"author":[{"embeddable":true,"href":"https:\/\/radiocresatelital.com\/index.php?rest_route=\/wp\/v2\/users\/2"}],"replies":[{"embeddable":true,"href":"https:\/\/radiocresatelital.com\/index.php?rest_route=%2Fwp%2Fv2%2Fcomments&post=1907"}],"version-history":[{"count":1,"href":"https:\/\/radiocresatelital.com\/index.php?rest_route=\/wp\/v2\/posts\/1907\/revisions"}],"predecessor-version":[{"id":1909,"href":"https:\/\/radiocresatelital.com\/index.php?rest_route=\/wp\/v2\/posts\/1907\/revisions\/1909"}],"wp:featuredmedia":[{"embeddable":true,"href":"https:\/\/radiocresatelital.com\/index.php?rest_route=\/wp\/v2\/media\/1908"}],"wp:attachment":[{"href":"https:\/\/radiocresatelital.com\/index.php?rest_route=%2Fwp%2Fv2%2Fmedia&parent=1907"}],"wp:term":[{"taxonomy":"category","embeddable":true,"href":"https:\/\/radiocresatelital.com\/index.php?rest_route=%2Fwp%2Fv2%2Fcategories&post=1907"},{"taxonomy":"post_tag","embeddable":true,"href":"https:\/\/radiocresatelital.com\/index.php?rest_route=%2Fwp%2Fv2%2Ftags&post=1907"}],"curies":[{"name":"wp","href":"https:\/\/api.w.org\/{rel}","templated":true}]}}