{"id":19042,"date":"2024-09-17T16:10:18","date_gmt":"2024-09-17T16:10:18","guid":{"rendered":"https:\/\/radiocresatelital.com\/?p=19042"},"modified":"2024-09-17T16:10:18","modified_gmt":"2024-09-17T16:10:18","slug":"la-proxima-semana-tendremos-4-dias-de-apagones-de-8-horas-diarias","status":"publish","type":"post","link":"https:\/\/radiocresatelital.com\/?p=19042","title":{"rendered":"La pr\u00f3xima semana tendremos 4 d\u00edas de apagones de 8 horas diarias"},"content":{"rendered":"<p>Quito.- El Ecuador est\u00e1 atravesando el peor estiaje de las \u00faltimas 6 d\u00e9cadas, sumado al abandono y falta de mantenimiento desde hace casi 30 a\u00f1os en el sistema el\u00e9ctricco, tanto en la generaci\u00f3n, como la distribuci\u00f3n . Por ello, las autoridades se han visto avocadas a tomar medidas de racionamientos desde la pr\u00f3xima semana, exactamente desde el lunes 22 hasta el jueves 25 de septiembre.<\/p>\n<p><img decoding=\"async\" src=\"https:\/\/pbs.twimg.com\/media\/GXpvKuAXEAAHTO5?format=jpg&amp;name=large\" alt=\"Imagen\" \/><\/p>\n","protected":false},"excerpt":{"rendered":"<p>Quito.- El Ecuador est\u00e1 atravesando el peor estiaje de las \u00faltimas 6 d\u00e9cadas, sumado al abandono y falta de mantenimiento desde hace casi 30 a\u00f1os en el sistema el\u00e9ctricco, tanto en la generaci\u00f3n, como la distribuci\u00f3n . Por ello, las autoridades se han visto avocadas a tomar medidas de racionamientos desde la pr\u00f3xima semana, exactamente [&hellip;]<\/p>\n","protected":false},"author":3,"featured_media":19043,"comment_status":"open","ping_status":"closed","sticky":false,"template":"","format":"standard","meta":{"_jetpack_memberships_contains_paid_content":false,"footnotes":""},"categories":[13],"tags":[],"class_list":["post-19042","post","type-post","status-publish","format-standard","has-post-thumbnail","hentry","category-noticias-nacionales"],"jetpack_featured_media_url":"https:\/\/radiocresatelital.com\/wp-content\/uploads\/2024\/09\/sin-luz-1.jpeg","jetpack_sharing_enabled":true,"_links":{"self":[{"href":"https:\/\/radiocresatelital.com\/index.php?rest_route=\/wp\/v2\/posts\/19042","targetHints":{"allow":["GET"]}}],"collection":[{"href":"https:\/\/radiocresatelital.com\/index.php?rest_route=\/wp\/v2\/posts"}],"about":[{"href":"https:\/\/radiocresatelital.com\/index.php?rest_route=\/wp\/v2\/types\/post"}],"author":[{"embeddable":true,"href":"https:\/\/radiocresatelital.com\/index.php?rest_route=\/wp\/v2\/users\/3"}],"replies":[{"embeddable":true,"href":"https:\/\/radiocresatelital.com\/index.php?rest_route=%2Fwp%2Fv2%2Fcomments&post=19042"}],"version-history":[{"count":1,"href":"https:\/\/radiocresatelital.com\/index.php?rest_route=\/wp\/v2\/posts\/19042\/revisions"}],"predecessor-version":[{"id":19050,"href":"https:\/\/radiocresatelital.com\/index.php?rest_route=\/wp\/v2\/posts\/19042\/revisions\/19050"}],"wp:featuredmedia":[{"embeddable":true,"href":"https:\/\/radiocresatelital.com\/index.php?rest_route=\/wp\/v2\/media\/19043"}],"wp:attachment":[{"href":"https:\/\/radiocresatelital.com\/index.php?rest_route=%2Fwp%2Fv2%2Fmedia&parent=19042"}],"wp:term":[{"taxonomy":"category","embeddable":true,"href":"https:\/\/radiocresatelital.com\/index.php?rest_route=%2Fwp%2Fv2%2Fcategories&post=19042"},{"taxonomy":"post_tag","embeddable":true,"href":"https:\/\/radiocresatelital.com\/index.php?rest_route=%2Fwp%2Fv2%2Ftags&post=19042"}],"curies":[{"name":"wp","href":"https:\/\/api.w.org\/{rel}","templated":true}]}}