{"id":19039,"date":"2024-09-17T15:54:45","date_gmt":"2024-09-17T15:54:45","guid":{"rendered":"https:\/\/radiocresatelital.com\/?p=19039"},"modified":"2024-09-17T16:07:26","modified_gmt":"2024-09-17T16:07:26","slug":"apagon-de-8-horas-manana-17-de-septiembre-por-mantenimiento","status":"publish","type":"post","link":"https:\/\/radiocresatelital.com\/?p=19039","title":{"rendered":"Apag\u00f3n de 8 horas ma\u00f1ana miercoles"},"content":{"rendered":"<p>Quito.- El gobierno nacional mediante un comunicado oficial, inform\u00f3 que el pa\u00eds tendr\u00e1 un apag\u00f3n de 8 horas, ma\u00f1ana mi\u00e9rcoles, 17 de septiembre para darle mantenimiento al sistema de producci\u00f3n y al de distribuci\u00f3n del sector el\u00e9ctrico.<\/p>\n<p>Por la seguridad de los ecuatorianos, en ese horario habr\u00e1 toque de queda.A continuaci\u00f3n el comunicado oficial:<\/p>\n<p><img decoding=\"async\" src=\"https:\/\/pbs.twimg.com\/media\/GXhOOD7XoAEXraL?format=jpg&amp;name=large\" alt=\"Imagen\" \/><\/p>\n","protected":false},"excerpt":{"rendered":"<p>Quito.- El gobierno nacional mediante un comunicado oficial, inform\u00f3 que el pa\u00eds tendr\u00e1 un apag\u00f3n de 8 horas, ma\u00f1ana mi\u00e9rcoles, 17 de septiembre para darle mantenimiento al sistema de producci\u00f3n y al de distribuci\u00f3n del sector el\u00e9ctrico. Por la seguridad de los ecuatorianos, en ese horario habr\u00e1 toque de queda.A continuaci\u00f3n el comunicado oficial:<\/p>\n","protected":false},"author":3,"featured_media":19044,"comment_status":"open","ping_status":"closed","sticky":false,"template":"","format":"standard","meta":{"_jetpack_memberships_contains_paid_content":false,"footnotes":""},"categories":[13],"tags":[3012],"class_list":["post-19039","post","type-post","status-publish","format-standard","has-post-thumbnail","hentry","category-noticias-nacionales","tag-apagon"],"jetpack_featured_media_url":"https:\/\/radiocresatelital.com\/wp-content\/uploads\/2024\/09\/noche.jpg","jetpack_sharing_enabled":true,"_links":{"self":[{"href":"https:\/\/radiocresatelital.com\/index.php?rest_route=\/wp\/v2\/posts\/19039","targetHints":{"allow":["GET"]}}],"collection":[{"href":"https:\/\/radiocresatelital.com\/index.php?rest_route=\/wp\/v2\/posts"}],"about":[{"href":"https:\/\/radiocresatelital.com\/index.php?rest_route=\/wp\/v2\/types\/post"}],"author":[{"embeddable":true,"href":"https:\/\/radiocresatelital.com\/index.php?rest_route=\/wp\/v2\/users\/3"}],"replies":[{"embeddable":true,"href":"https:\/\/radiocresatelital.com\/index.php?rest_route=%2Fwp%2Fv2%2Fcomments&post=19039"}],"version-history":[{"count":5,"href":"https:\/\/radiocresatelital.com\/index.php?rest_route=\/wp\/v2\/posts\/19039\/revisions"}],"predecessor-version":[{"id":19048,"href":"https:\/\/radiocresatelital.com\/index.php?rest_route=\/wp\/v2\/posts\/19039\/revisions\/19048"}],"wp:featuredmedia":[{"embeddable":true,"href":"https:\/\/radiocresatelital.com\/index.php?rest_route=\/wp\/v2\/media\/19044"}],"wp:attachment":[{"href":"https:\/\/radiocresatelital.com\/index.php?rest_route=%2Fwp%2Fv2%2Fmedia&parent=19039"}],"wp:term":[{"taxonomy":"category","embeddable":true,"href":"https:\/\/radiocresatelital.com\/index.php?rest_route=%2Fwp%2Fv2%2Fcategories&post=19039"},{"taxonomy":"post_tag","embeddable":true,"href":"https:\/\/radiocresatelital.com\/index.php?rest_route=%2Fwp%2Fv2%2Ftags&post=19039"}],"curies":[{"name":"wp","href":"https:\/\/api.w.org\/{rel}","templated":true}]}}