{"id":19030,"date":"2024-09-16T19:44:45","date_gmt":"2024-09-16T19:44:45","guid":{"rendered":"https:\/\/radiocresatelital.com\/?p=19030"},"modified":"2024-09-16T21:52:08","modified_gmt":"2024-09-16T21:52:08","slug":"tia-prepara-el-regreso-a-clases-con-ofertas-irresistibles-para-toda-la-familia","status":"publish","type":"post","link":"https:\/\/radiocresatelital.com\/?p=19030","title":{"rendered":"T\u00eda prepara el regreso a clases con ofertas irresistibles para toda la familia"},"content":{"rendered":"<p>Quito.- \u00a0Seg\u00fan un estudio de la consultora Kantar realizado este a\u00f1o, el 61% de los ecuatorianos est\u00e1n en la b\u00fasqueda de descuentos para beneficiar la econom\u00eda de los hogares. Ante este escenario, Almacenes T\u00eda ha dise\u00f1ado una serie de descuentos para el regreso a clases en la Sierra.<\/p>\n<p>Con el retorno de m\u00e1s de 1.7 millones de estudiantes, seg\u00fan lo anunciado por el Ministerio de Educaci\u00f3n, los padres de familia se alistan para comprar los \u00fatiles escolares, entre los m\u00e1s demandados por ellos, las mochilas, cuadernos, libros, esferos, l\u00e1pices, pinturas, entre otros.<\/p>\n<p>Jorge Mu\u00f1oz, Gerente comercial de Temporadas y Hogar, destaca que \u00aben T\u00eda encontrar\u00e1s todo lo que necesitas para un regreso a clases exitoso, a precios totalmente accesibles. Adem\u00e1s, hemos preparado promociones especiales para nuestros clientes M\u00c1S, desde el 14 al 30 de septiembre por compras mayores a $20 en \u00fatiles, calzado y medias escolares + $7 ll\u00e9vate un Smart watch\u00bb.<\/p>\n<ul>\n<li><strong>Canjes adicionales:<\/strong>\n<ul>\n<li>L\u00e1pices de colores (12 unidades) por $2.50 + 100 puntos<\/li>\n<li>L\u00e1pices de colores (24 unidades) por $4.00 + 100 puntos<\/li>\n<li>L\u00e1pices de grafito (4 unidades) por 75 puntos<\/li>\n<\/ul>\n<\/li>\n<\/ul>\n<p>Para complementar la experiencia de compra, durante el retorno a clases, la marca tambi\u00e9n ofrece una gama de productos para elaborar loncheras saludables, incluyendo tomatodos, recipientes y alimentos para desayunos nutritivos. Adem\u00e1s, art\u00edculos de vestir que complementan los uniformes de los ni\u00f1os como bividis, zapatos, medias, blusas entre otros.<\/p>\n<p>Con esta serie de beneficios, T\u00eda reafirma su compromiso por llevar las mejores ofertas y promociones, que se ajustan a la econom\u00eda de las familias de todos los rincones del Ecuador.<\/p>\n","protected":false},"excerpt":{"rendered":"<p>Quito.- \u00a0Seg\u00fan un estudio de la consultora Kantar realizado este a\u00f1o, el 61% de los ecuatorianos est\u00e1n en la b\u00fasqueda de descuentos para beneficiar la econom\u00eda de los hogares. Ante este escenario, Almacenes T\u00eda ha dise\u00f1ado una serie de descuentos para el regreso a clases en la Sierra. Con el retorno de m\u00e1s de 1.7 [&hellip;]<\/p>\n","protected":false},"author":2,"featured_media":19031,"comment_status":"open","ping_status":"closed","sticky":false,"template":"","format":"standard","meta":{"_jetpack_memberships_contains_paid_content":false,"footnotes":""},"categories":[13],"tags":[1392],"class_list":["post-19030","post","type-post","status-publish","format-standard","has-post-thumbnail","hentry","category-noticias-nacionales","tag-almacenes-tia"],"jetpack_featured_media_url":"https:\/\/radiocresatelital.com\/wp-content\/uploads\/2024\/09\/TIA-00384-scaled.jpeg","jetpack_sharing_enabled":true,"_links":{"self":[{"href":"https:\/\/radiocresatelital.com\/index.php?rest_route=\/wp\/v2\/posts\/19030","targetHints":{"allow":["GET"]}}],"collection":[{"href":"https:\/\/radiocresatelital.com\/index.php?rest_route=\/wp\/v2\/posts"}],"about":[{"href":"https:\/\/radiocresatelital.com\/index.php?rest_route=\/wp\/v2\/types\/post"}],"author":[{"embeddable":true,"href":"https:\/\/radiocresatelital.com\/index.php?rest_route=\/wp\/v2\/users\/2"}],"replies":[{"embeddable":true,"href":"https:\/\/radiocresatelital.com\/index.php?rest_route=%2Fwp%2Fv2%2Fcomments&post=19030"}],"version-history":[{"count":1,"href":"https:\/\/radiocresatelital.com\/index.php?rest_route=\/wp\/v2\/posts\/19030\/revisions"}],"predecessor-version":[{"id":19032,"href":"https:\/\/radiocresatelital.com\/index.php?rest_route=\/wp\/v2\/posts\/19030\/revisions\/19032"}],"wp:featuredmedia":[{"embeddable":true,"href":"https:\/\/radiocresatelital.com\/index.php?rest_route=\/wp\/v2\/media\/19031"}],"wp:attachment":[{"href":"https:\/\/radiocresatelital.com\/index.php?rest_route=%2Fwp%2Fv2%2Fmedia&parent=19030"}],"wp:term":[{"taxonomy":"category","embeddable":true,"href":"https:\/\/radiocresatelital.com\/index.php?rest_route=%2Fwp%2Fv2%2Fcategories&post=19030"},{"taxonomy":"post_tag","embeddable":true,"href":"https:\/\/radiocresatelital.com\/index.php?rest_route=%2Fwp%2Fv2%2Ftags&post=19030"}],"curies":[{"name":"wp","href":"https:\/\/api.w.org\/{rel}","templated":true}]}}