{"id":19026,"date":"2024-09-16T19:26:03","date_gmt":"2024-09-16T19:26:03","guid":{"rendered":"https:\/\/radiocresatelital.com\/?p=19026"},"modified":"2024-09-16T21:41:01","modified_gmt":"2024-09-16T21:41:01","slug":"el-ecomuseo-de-parque-de-la-paz-abre-sus-puertas-un-recorrido-historico-como-parte-de-el-mundo-unido-por-la-vida-organizado-por-alpar","status":"publish","type":"post","link":"https:\/\/radiocresatelital.com\/?p=19026","title":{"rendered":"El Ecomuseo de Parque de la Paz abre sus puertas Un Recorrido Hist\u00f3rico como Parte de \u00abEl Mundo Unido por la Vida\u00bb Organizado por ALPAR"},"content":{"rendered":"<p>Guayaquil.- El Ecomuseo de Parque de la Paz se complace en anunciar la apertura de sus puertas para un recorrido hist\u00f3rico \u00fanico por sus instalaciones, enmarcado en el evento internacional \u00abEl Mundo Unido por la Vida\u00bb, organizado por la Asociaci\u00f3n Latinoamericana de Parques Cementerios y Servicios Exequiales (ALPAR). Este evento busca promover la reflexi\u00f3n sobre la vida, la paz y la memoria, uniendo a diversas comunidades en un acto de conmemoraci\u00f3n y homenaje.<strong>\u00a0<\/strong><\/p>\n<p><strong>Una Experiencia para la Historia<\/strong><\/p>\n<p>El Ecomuseo del Parque de la Paz ofrece una experiencia inmersiva que permite a los visitantes recorrer la vida y obra de las personalidades que descansan en sus instalaciones, explorando los valores de paz y sostenibilidad que han guiado el desarrollo de esta emblem\u00e1tica comunidad. Los asistentes tendr\u00e1n la oportunidad de conocer las historias detr\u00e1s de los monumentos, paisajes y elementos naturales que conforman este espacio dedicado a la memoria colectiva y al respeto por el medio ambiente.<strong>\u00a0<\/strong><\/p>\n<p><strong>Presidentes, glorias del deporte y personalidades ser\u00e1n homenajeadas<\/strong><\/p>\n<p>Le\u00f3n Febres Cordero, La Familia Czarninski, Rafael Mor\u00e1n Valverde, Enrique \u201cPajarito Cantos\u201d, encabezan la lista de figuras destacadas de la historia que ser\u00e1n reconocidas durante el recorrido. Se hablar\u00e1 de su vida, obra, contribuci\u00f3n a la comunidad y el legado a sus familias.<strong>\u00a0<\/strong><\/p>\n<p><strong>Un Espacio para la vida y recuerdos<\/strong><\/p>\n<p>El Ecomuseo del Parque de la Paz es un espacio dedicado a la memoria, la educaci\u00f3n y la sostenibilidad, ubicado en La Aurora. Su misi\u00f3n es preservar y compartir la historia local, promoviendo valores de paz y respeto por el medio ambiente.<\/p>\n<p>El recorrido incluye visitas guiadas por expertos que compartir\u00e1n el significado hist\u00f3rico y cultural de las instalaciones, as\u00ed como su importancia en el contexto de la paz y la vida. Adem\u00e1s, se realizar\u00e1n actividades educativas y culturales que invitar\u00e1n a los participantes a reflexionar sobre la importancia de la preservaci\u00f3n de la memoria y la promoci\u00f3n de la paz en nuestras sociedades.<strong>\u00a0<\/strong><\/p>\n<p><strong>Las aves se toman Parque de la Paz<\/strong><\/p>\n<p>Cerca de 60 especies de aves habitan y visitan el Parque de La Aurora. Esto luego de un registro realizado por expertos el pasado mes de mayo dentro del marco del evento mundial \u201cGlobal Big Day\u201d o Conteo Mundial de Aves, es el mayor evento simult\u00e1neo realizado a nivel global para registrar aves en un solo d\u00eda.<\/p>\n<p>Esta iniciativa es liderada por el Laboratorio de Aves de la Universidad de Cornell (EEUU). Su objetivo es incrementar la conciencia ambiental sobre el valor de las aves y las amenazas que enfrentan. En cada pa\u00eds participante se organizan equipos de censadores distribuidos en diversas rutas. Al final del d\u00eda de observaci\u00f3n, los registros son publicados en la aplicaci\u00f3n digital de libre acceso eBird.<\/p>\n<p>En el marco latinoamericano, Parque de la Paz es pionera en vincular estas actividades al sector funerario.<\/p>\n<p><strong>Sobre \u00abEl Mundo Unido por la Vida\u00bb<\/strong><\/p>\n<p>\u00abEl Mundo Unido por la Vida\u00bb es una iniciativa internacional de ALPAR que re\u00fane a comunidades de toda Latinoam\u00e9rica para rendir homenaje a la vida y la paz. Este evento se celebra simult\u00e1neamente en m\u00faltiples ciudades, ofreciendo a los participantes la oportunidad de conectarse y reflexionar sobre la importancia de la vida y el respeto mutuo.<strong>\u00a0<\/strong><\/p>\n<p><strong>Invitaci\u00f3n Abierta<\/strong><\/p>\n<p>El Ecomuseo del Parque de la Paz invita a toda la comunidad a unirse a este evento especial. Las puertas estar\u00e1n abiertas desde el domingo 22 de septiembre a las 08:00, y el acceso ser\u00e1 gratuito para todos los asistentes con previo registro en l\u00ednea. Este recorrido es una oportunidad \u00fanica para conocer m\u00e1s sobre la historia, participar en actividades significativas, y ser parte de un movimiento global que valora la vida y la paz.<\/p>\n","protected":false},"excerpt":{"rendered":"<p>Guayaquil.- El Ecomuseo de Parque de la Paz se complace en anunciar la apertura de sus puertas para un recorrido hist\u00f3rico \u00fanico por sus instalaciones, enmarcado en el evento internacional \u00abEl Mundo Unido por la Vida\u00bb, organizado por la Asociaci\u00f3n Latinoamericana de Parques Cementerios y Servicios Exequiales (ALPAR). Este evento busca promover la reflexi\u00f3n sobre [&hellip;]<\/p>\n","protected":false},"author":2,"featured_media":19027,"comment_status":"open","ping_status":"closed","sticky":false,"template":"","format":"standard","meta":{"_jetpack_memberships_contains_paid_content":false,"footnotes":""},"categories":[13],"tags":[3010,3011],"class_list":["post-19026","post","type-post","status-publish","format-standard","has-post-thumbnail","hentry","category-noticias-nacionales","tag-ecomuseo","tag-parque-de-la-paz"],"jetpack_featured_media_url":"https:\/\/radiocresatelital.com\/wp-content\/uploads\/2024\/09\/WhatsApp-Image-2024-09-16-at-13.54.26.jpeg","jetpack_sharing_enabled":true,"_links":{"self":[{"href":"https:\/\/radiocresatelital.com\/index.php?rest_route=\/wp\/v2\/posts\/19026","targetHints":{"allow":["GET"]}}],"collection":[{"href":"https:\/\/radiocresatelital.com\/index.php?rest_route=\/wp\/v2\/posts"}],"about":[{"href":"https:\/\/radiocresatelital.com\/index.php?rest_route=\/wp\/v2\/types\/post"}],"author":[{"embeddable":true,"href":"https:\/\/radiocresatelital.com\/index.php?rest_route=\/wp\/v2\/users\/2"}],"replies":[{"embeddable":true,"href":"https:\/\/radiocresatelital.com\/index.php?rest_route=%2Fwp%2Fv2%2Fcomments&post=19026"}],"version-history":[{"count":2,"href":"https:\/\/radiocresatelital.com\/index.php?rest_route=\/wp\/v2\/posts\/19026\/revisions"}],"predecessor-version":[{"id":19029,"href":"https:\/\/radiocresatelital.com\/index.php?rest_route=\/wp\/v2\/posts\/19026\/revisions\/19029"}],"wp:featuredmedia":[{"embeddable":true,"href":"https:\/\/radiocresatelital.com\/index.php?rest_route=\/wp\/v2\/media\/19027"}],"wp:attachment":[{"href":"https:\/\/radiocresatelital.com\/index.php?rest_route=%2Fwp%2Fv2%2Fmedia&parent=19026"}],"wp:term":[{"taxonomy":"category","embeddable":true,"href":"https:\/\/radiocresatelital.com\/index.php?rest_route=%2Fwp%2Fv2%2Fcategories&post=19026"},{"taxonomy":"post_tag","embeddable":true,"href":"https:\/\/radiocresatelital.com\/index.php?rest_route=%2Fwp%2Fv2%2Ftags&post=19026"}],"curies":[{"name":"wp","href":"https:\/\/api.w.org\/{rel}","templated":true}]}}