{"id":19023,"date":"2024-09-16T18:57:01","date_gmt":"2024-09-16T18:57:01","guid":{"rendered":"https:\/\/radiocresatelital.com\/?p=19023"},"modified":"2024-09-16T21:02:17","modified_gmt":"2024-09-16T21:02:17","slug":"nestle-ecuador-lanza-sus-nuevos-y-deliciosos-chocolates-hechos-con-cacao-100-ecuatoriano","status":"publish","type":"post","link":"https:\/\/radiocresatelital.com\/?p=19023","title":{"rendered":"Nestl\u00e9 Ecuador lanza sus nuevos y deliciosos chocolates, hechos con cacao 100% Ecuatoriano"},"content":{"rendered":"<p>Guayaquil.- En el marco de la Feria Chokao, el evento m\u00e1s relevante del sector cacaotero en el pa\u00eds, Nestl\u00e9 Ecuador ha anunciado el lanzamiento de su nueva l\u00ednea de tabletas de chocolate que est\u00e1n elaboradas con cacao 100% ecuatoriano, resaltando las credenciales de Nestl\u00e9 en la producci\u00f3n de chocolates de alta calidad.<\/p>\n<p>Con esta innovaci\u00f3n, <strong>Nestl\u00e9 <\/strong>invita a todos los amantes del chocolate a suavizar su mundo con estos nuevos productos que responden a los gustos y preferencias de nuestros consumidores que ahora podr\u00e1n disfrutar de una deliciosa tableta llena de sabor y cremosidad al alcance de todos los ecuatorianos. Contamos con 2 importantes variedades: \u00a0chocolate con leche y chocolate con man\u00ed que ya se encuentran disponibles en todas las tiendas del pa\u00eds, a un incre\u00edble precio a partir de los USD $ 0,50 centavos.<\/p>\n<p>Las nuevas tabletas de Nestl\u00e9 son elaboradas en nuestra f\u00e1brica Surindu de Guayaquil con\u00a0 \u00a0cacao 100% ecuatoriano, que forma parte del Plan Cacao. Este cacao es reconocido por su calidad excepcional y su sabor distintivo, y Nestl\u00e9 se enorgullece en utilizarlo para la creaci\u00f3n de sus exquisitos chocolates. El Plan Cacao es una iniciativa que beneficia a m\u00e1s de 6.000 agricultores ecuatorianos, asegurando su desarrollo sostenible a trav\u00e9s de 3 ejes fundamentales: mejores vidas, mejores fincas y mejor cacao. El compromiso de Nestl\u00e9 con el uso del cacao ecuatoriano y su participaci\u00f3n en el Plan Cacao demuestran la excelencia en la selecci\u00f3n de materias primas y reflejan el compromiso de la empresa con la sostenibilidad y la calidad en la producci\u00f3n de sus chocolates.<\/p>\n<p>\u00abCon el lanzamiento de estas nuevas tabletas, reafirmamos nuestro compromiso de colocar al consumidor en el centro de todo lo que hacemos. Estamos comprometidos a ofrecer una experiencia \u00fanica de sabor, textura y calidad que solo el mejor cacao ecuatoriano puede proporcionar. Los chocolates Nestl\u00e9 son un reflejo de nuestra promesa de brindar siempre la m\u00e1xima calidad y sabor en cada tableta de chocolate, demostrando nuestro compromiso con la satisfacci\u00f3n y preferencias de nuestros consumidores\u00bb, expres\u00f3 Teodor Kamenov, Vicepresidente de Confites de Nestl\u00e9.<\/p>\n<p>Nestl\u00e9 Ecuador contin\u00faa demostrando su liderazgo en el mercado de confites al apostar por la calidad del cacao ecuatoriano y apoyar a los productores locales, reafirmando su prop\u00f3sito de mejorar la calidad de vida de las comunidades en las que opera y contribuir a un futuro m\u00e1s saludable y sostenible.<\/p>\n","protected":false},"excerpt":{"rendered":"<p>Guayaquil.- En el marco de la Feria Chokao, el evento m\u00e1s relevante del sector cacaotero en el pa\u00eds, Nestl\u00e9 Ecuador ha anunciado el lanzamiento de su nueva l\u00ednea de tabletas de chocolate que est\u00e1n elaboradas con cacao 100% ecuatoriano, resaltando las credenciales de Nestl\u00e9 en la producci\u00f3n de chocolates de alta calidad. Con esta innovaci\u00f3n, [&hellip;]<\/p>\n","protected":false},"author":2,"featured_media":19024,"comment_status":"open","ping_status":"closed","sticky":false,"template":"","format":"standard","meta":{"_jetpack_memberships_contains_paid_content":false,"footnotes":""},"categories":[13],"tags":[3009],"class_list":["post-19023","post","type-post","status-publish","format-standard","has-post-thumbnail","hentry","category-noticias-nacionales","tag-nestle"],"jetpack_featured_media_url":"https:\/\/radiocresatelital.com\/wp-content\/uploads\/2024\/09\/WhatsApp-Image-2024-09-16-at-14.58.10.jpeg","jetpack_sharing_enabled":true,"_links":{"self":[{"href":"https:\/\/radiocresatelital.com\/index.php?rest_route=\/wp\/v2\/posts\/19023","targetHints":{"allow":["GET"]}}],"collection":[{"href":"https:\/\/radiocresatelital.com\/index.php?rest_route=\/wp\/v2\/posts"}],"about":[{"href":"https:\/\/radiocresatelital.com\/index.php?rest_route=\/wp\/v2\/types\/post"}],"author":[{"embeddable":true,"href":"https:\/\/radiocresatelital.com\/index.php?rest_route=\/wp\/v2\/users\/2"}],"replies":[{"embeddable":true,"href":"https:\/\/radiocresatelital.com\/index.php?rest_route=%2Fwp%2Fv2%2Fcomments&post=19023"}],"version-history":[{"count":1,"href":"https:\/\/radiocresatelital.com\/index.php?rest_route=\/wp\/v2\/posts\/19023\/revisions"}],"predecessor-version":[{"id":19025,"href":"https:\/\/radiocresatelital.com\/index.php?rest_route=\/wp\/v2\/posts\/19023\/revisions\/19025"}],"wp:featuredmedia":[{"embeddable":true,"href":"https:\/\/radiocresatelital.com\/index.php?rest_route=\/wp\/v2\/media\/19024"}],"wp:attachment":[{"href":"https:\/\/radiocresatelital.com\/index.php?rest_route=%2Fwp%2Fv2%2Fmedia&parent=19023"}],"wp:term":[{"taxonomy":"category","embeddable":true,"href":"https:\/\/radiocresatelital.com\/index.php?rest_route=%2Fwp%2Fv2%2Fcategories&post=19023"},{"taxonomy":"post_tag","embeddable":true,"href":"https:\/\/radiocresatelital.com\/index.php?rest_route=%2Fwp%2Fv2%2Ftags&post=19023"}],"curies":[{"name":"wp","href":"https:\/\/api.w.org\/{rel}","templated":true}]}}