{"id":19020,"date":"2024-09-16T20:56:26","date_gmt":"2024-09-16T20:56:26","guid":{"rendered":"https:\/\/radiocresatelital.com\/?p=19020"},"modified":"2024-09-16T20:56:26","modified_gmt":"2024-09-16T20:56:26","slug":"hospital-riobamba-entrego-847-protesis-auditivas-y-mejora-la-calidad-de-vida-de-474-pacientes-con-discapacidad-auditiva","status":"publish","type":"post","link":"https:\/\/radiocresatelital.com\/?p=19020","title":{"rendered":"Hospital Riobamba entreg\u00f3 847 pr\u00f3tesis auditivas y mejora la calidad de vida de 474 pacientes con discapacidad auditiva"},"content":{"rendered":"<p>Riobamba.-\u00a0Con una inversi\u00f3n de USD 96.558, el Ministerio de Salud P\u00fablica (MSP) a trav\u00e9s del proyecto de Fortalecimiento a la Atenci\u00f3n Integral, Detecci\u00f3n, Prevenci\u00f3n, Rehabilitaci\u00f3n y Habilitaci\u00f3n a Personas con Discapacidad adquiri\u00f3 en el Hospital de Riobamba 847 pr\u00f3tesis auditivas que ser\u00e1n entregadas a 474 pacientes (ni\u00f1os, adolescentes y adultos, adultos mayores). Con esta entrega los pacientes podr\u00e1n mejorar su comunicaci\u00f3n, desarrollo y calidad de vida.<\/p>\n<p>De acuerdo a una planificaci\u00f3n establecida del 16 al 20 de septiembre de 2024 se desarrollar\u00e1 la entrega y calibraci\u00f3n de los aud\u00edfonos a los pacientes agendados en esta casa de salud.<\/p>\n<p>Estefan\u00eda Palaguachi, madre de una de las beneficiarias, expres\u00f3 su gratitud. \u00bb \u201cDesde hace un a\u00f1o le detectaron hipoacusia auditiva sensorial profunda, hoy mi hija de 2 a\u00f1os recibe sus aud\u00edfonos de forma gratuita. Esto le permitir\u00e1 comunicarse mejor y tener un futuro m\u00e1s brillante\u00bb, coment\u00f3.<\/p>\n<p>\u00abEl acceso a tratamientos de habilitaci\u00f3n y rehabilitaci\u00f3n es un derecho de todos los ecuatorianos\u00bb, afirm\u00f3 Gabriela Pacheco, coordinadora Zonal Salud-3. \u00abCon esta iniciativa, reafirmamos nuestro compromiso de mejorar la calidad de vida de las personas con discapacidad\u00bb, recalc\u00f3.<\/p>\n<p>Los usuarios que requieran atenci\u00f3n en esta \u00e1rea deber\u00e1n acudir al primer nivel de atenci\u00f3n y ser referidos al especialista en otorrinolaringolog\u00eda para despu\u00e9s continuar con el tratamiento y acompa\u00f1amiento del \u00e1rea de audiometr\u00eda.<\/p>\n","protected":false},"excerpt":{"rendered":"<p>Riobamba.-\u00a0Con una inversi\u00f3n de USD 96.558, el Ministerio de Salud P\u00fablica (MSP) a trav\u00e9s del proyecto de Fortalecimiento a la Atenci\u00f3n Integral, Detecci\u00f3n, Prevenci\u00f3n, Rehabilitaci\u00f3n y Habilitaci\u00f3n a Personas con Discapacidad adquiri\u00f3 en el Hospital de Riobamba 847 pr\u00f3tesis auditivas que ser\u00e1n entregadas a 474 pacientes (ni\u00f1os, adolescentes y adultos, adultos mayores). Con esta entrega [&hellip;]<\/p>\n","protected":false},"author":2,"featured_media":19021,"comment_status":"open","ping_status":"closed","sticky":false,"template":"","format":"standard","meta":{"_jetpack_memberships_contains_paid_content":false,"footnotes":""},"categories":[13],"tags":[3008,148],"class_list":["post-19020","post","type-post","status-publish","format-standard","has-post-thumbnail","hentry","category-noticias-nacionales","tag-hospital-de-riobamba","tag-ministerio-de-salud-publica"],"jetpack_featured_media_url":"https:\/\/radiocresatelital.com\/wp-content\/uploads\/2024\/09\/WhatsApp-Image-2024-09-16-at-14.42.49-1-1536x1132-1.jpeg","jetpack_sharing_enabled":true,"_links":{"self":[{"href":"https:\/\/radiocresatelital.com\/index.php?rest_route=\/wp\/v2\/posts\/19020","targetHints":{"allow":["GET"]}}],"collection":[{"href":"https:\/\/radiocresatelital.com\/index.php?rest_route=\/wp\/v2\/posts"}],"about":[{"href":"https:\/\/radiocresatelital.com\/index.php?rest_route=\/wp\/v2\/types\/post"}],"author":[{"embeddable":true,"href":"https:\/\/radiocresatelital.com\/index.php?rest_route=\/wp\/v2\/users\/2"}],"replies":[{"embeddable":true,"href":"https:\/\/radiocresatelital.com\/index.php?rest_route=%2Fwp%2Fv2%2Fcomments&post=19020"}],"version-history":[{"count":1,"href":"https:\/\/radiocresatelital.com\/index.php?rest_route=\/wp\/v2\/posts\/19020\/revisions"}],"predecessor-version":[{"id":19022,"href":"https:\/\/radiocresatelital.com\/index.php?rest_route=\/wp\/v2\/posts\/19020\/revisions\/19022"}],"wp:featuredmedia":[{"embeddable":true,"href":"https:\/\/radiocresatelital.com\/index.php?rest_route=\/wp\/v2\/media\/19021"}],"wp:attachment":[{"href":"https:\/\/radiocresatelital.com\/index.php?rest_route=%2Fwp%2Fv2%2Fmedia&parent=19020"}],"wp:term":[{"taxonomy":"category","embeddable":true,"href":"https:\/\/radiocresatelital.com\/index.php?rest_route=%2Fwp%2Fv2%2Fcategories&post=19020"},{"taxonomy":"post_tag","embeddable":true,"href":"https:\/\/radiocresatelital.com\/index.php?rest_route=%2Fwp%2Fv2%2Ftags&post=19020"}],"curies":[{"name":"wp","href":"https:\/\/api.w.org\/{rel}","templated":true}]}}