{"id":19017,"date":"2024-09-16T20:52:32","date_gmt":"2024-09-16T20:52:32","guid":{"rendered":"https:\/\/radiocresatelital.com\/?p=19017"},"modified":"2024-09-16T20:52:32","modified_gmt":"2024-09-16T20:52:32","slug":"presidente-daniel-noboa-otorga-cerca-de-107-millores-en-financiamientopara-el-progreso-de-la-provincia-de-santa-elena","status":"publish","type":"post","link":"https:\/\/radiocresatelital.com\/?p=19017","title":{"rendered":"Presidente Daniel Noboa otorga cerca de 10,7 millores en financiamientopara el progreso de la Provincia de Santa Elena"},"content":{"rendered":"<p>Salinas.- El Gobierno del Nuevo Ecuador prioriza la inversi\u00f3n en conectividad vial en la provincia del Santa Elena. Este lunes 16 de septiembre, el presidente de la Rep\u00fablica, Daniel Noboa Azin, particip\u00f3 en el evento de suscripci\u00f3n de financiamientos por parte del Banco de Desarrollo del Ecuador B.P. al GAD Provincial de Santa Elena y al GAD Municipal de Salinas, por un monto de USD10,7 millones.<\/p>\n<p>\u201cEstos recursos servir\u00e1n para mejorar la vialidad, para la protecci\u00f3n de bienes patrimoniales y para el fomento de iniciativas ambientales. Estas obras significan m\u00e1s trabajo, m\u00e1s turismo, m\u00e1s crecimiento econ\u00f3mico para la provincia\u201d, sostuvo el Jefe de Estado.<\/p>\n<p>Carlos Rivera Bautista, gerente del BDE, fue enf\u00e1tico al afirmar que \u201cun gobierno que administra bien los recursos puede responder de manera oportuna y eficiente a las necesidades de la gente, haciendo que las cosas que eran impensables en el viejo Ecuador, ahora sean posibles\u201d.<\/p>\n<p>Precisamente, en este d\u00eda, la banca p\u00fablica viabiliz\u00f3 recursos para cinco proyectos. Por una parte, el GAD Provincial de Santa Elena recibi\u00f3 USD 4,14 millones para asfaltado de la v\u00eda Libertador Bol\u00edvar \u2013 San Antonio y Cadeate; y USD 2,07 millones para mejoramiento y rehabilitaci\u00f3n de la v\u00eda que inicia en la comuna Libertador Bol\u00edvar hasta el sector Sitio Nuevo, en la parroquia Manglaralto.<\/p>\n<p>Por otro lado, el GAD Municipal de Salinas recibi\u00f3 USD 4.3 millones para la rehabilitaci\u00f3n con pavimento asf\u00e1ltico de varias calles, construcci\u00f3n de aceras y bordillos y obras complementarias en el sector urbano del cant\u00f3n Salinas. Adem\u00e1s, la municipalidad accedi\u00f3 a un financiamiento de m\u00e1s de USD 54.000 para financiar la consultor\u00eda para la actualizaci\u00f3n del catastro de bienes patrimoniales y dise\u00f1o arquitect\u00f3nico del nuevo museo del cant\u00f3n Salinas.<\/p>\n<p>Finalmente, el Gobierno Aut\u00f3nomo Descentralizado Municipal de La Libertad accedi\u00f3 a un monto de USD 116.000, destinado al proyecto Adquisici\u00f3n de Equipos para la Ejecuci\u00f3n del Premio Verde \u201cEcotienda M\u00f3vil\u201d. \u201cEsto permitir\u00e1 intercambiar los desechos reciclados por productos de primera necesidad, traduci\u00e9ndose en una mejor disposici\u00f3n final de residuos s\u00f3lidos\u201d, coment\u00f3 Carlos Rivera.<\/p>\n<p>En el marco de este acto, el alcalde de Salinas, Dennis C\u00f3rdova, afirm\u00f3 que la localidad pas\u00f3 alrededor de 70 a\u00f1os sin obras; por lo que estas obras son fundamentales para el desarrollo de la provincia. A ello, Jos\u00e9 Villao, prefecto de Santa Elena, agreg\u00f3: \u201cestamos convirtiendo la desesperanza en esperanza, con acciones como las de hoy: donde se enlazan puentes y comunidades hist\u00f3ricamente olvidadas; y se asfalta donde antes era lodo. Ahora, con Daniel Noboa, se ve progreso\u201d.<\/p>\n<p>Durante el desarrollo de este evento, el Primer Mandatario manifest\u00f3 categ\u00f3ricamente: \u201cSanta Elena no est\u00e1 sola, aqu\u00ed estamos junto a ustedes con el anhelo de construir y alcanzar un mejor futuro, un Nuevo Ecuador\u201d.<\/p>\n","protected":false},"excerpt":{"rendered":"<p>Salinas.- El Gobierno del Nuevo Ecuador prioriza la inversi\u00f3n en conectividad vial en la provincia del Santa Elena. Este lunes 16 de septiembre, el presidente de la Rep\u00fablica, Daniel Noboa Azin, particip\u00f3 en el evento de suscripci\u00f3n de financiamientos por parte del Banco de Desarrollo del Ecuador B.P. al GAD Provincial de Santa Elena y [&hellip;]<\/p>\n","protected":false},"author":2,"featured_media":19018,"comment_status":"open","ping_status":"closed","sticky":false,"template":"","format":"standard","meta":{"_jetpack_memberships_contains_paid_content":false,"footnotes":""},"categories":[13],"tags":[1322],"class_list":["post-19017","post","type-post","status-publish","format-standard","has-post-thumbnail","hentry","category-noticias-nacionales","tag-presidente-daniel-noboa"],"jetpack_featured_media_url":"https:\/\/radiocresatelital.com\/wp-content\/uploads\/2024\/09\/53999163657_44d7a52991_c.jpg","jetpack_sharing_enabled":true,"_links":{"self":[{"href":"https:\/\/radiocresatelital.com\/index.php?rest_route=\/wp\/v2\/posts\/19017","targetHints":{"allow":["GET"]}}],"collection":[{"href":"https:\/\/radiocresatelital.com\/index.php?rest_route=\/wp\/v2\/posts"}],"about":[{"href":"https:\/\/radiocresatelital.com\/index.php?rest_route=\/wp\/v2\/types\/post"}],"author":[{"embeddable":true,"href":"https:\/\/radiocresatelital.com\/index.php?rest_route=\/wp\/v2\/users\/2"}],"replies":[{"embeddable":true,"href":"https:\/\/radiocresatelital.com\/index.php?rest_route=%2Fwp%2Fv2%2Fcomments&post=19017"}],"version-history":[{"count":1,"href":"https:\/\/radiocresatelital.com\/index.php?rest_route=\/wp\/v2\/posts\/19017\/revisions"}],"predecessor-version":[{"id":19019,"href":"https:\/\/radiocresatelital.com\/index.php?rest_route=\/wp\/v2\/posts\/19017\/revisions\/19019"}],"wp:featuredmedia":[{"embeddable":true,"href":"https:\/\/radiocresatelital.com\/index.php?rest_route=\/wp\/v2\/media\/19018"}],"wp:attachment":[{"href":"https:\/\/radiocresatelital.com\/index.php?rest_route=%2Fwp%2Fv2%2Fmedia&parent=19017"}],"wp:term":[{"taxonomy":"category","embeddable":true,"href":"https:\/\/radiocresatelital.com\/index.php?rest_route=%2Fwp%2Fv2%2Fcategories&post=19017"},{"taxonomy":"post_tag","embeddable":true,"href":"https:\/\/radiocresatelital.com\/index.php?rest_route=%2Fwp%2Fv2%2Ftags&post=19017"}],"curies":[{"name":"wp","href":"https:\/\/api.w.org\/{rel}","templated":true}]}}