{"id":19014,"date":"2024-09-16T20:47:20","date_gmt":"2024-09-16T20:47:20","guid":{"rendered":"https:\/\/radiocresatelital.com\/?p=19014"},"modified":"2024-09-16T20:47:20","modified_gmt":"2024-09-16T20:47:20","slug":"presidente-daniel-noboa-visito-la-obra-del-paso-lateral-santa-elena-la-libertad-salinas","status":"publish","type":"post","link":"https:\/\/radiocresatelital.com\/?p=19014","title":{"rendered":"Presidente Daniel Noboa visit\u00f3 la obra del paso lateral Santa Elena-La Libertad-Salinas"},"content":{"rendered":"<p>Salinas.- El Nuevo Ecuador garantiza mejores v\u00edas para Santa Elena. El presidente de la Rep\u00fablica, Daniel Noboa, recorri\u00f3 esta ma\u00f1ana 16 de septiembre de 2024 el paso lateral Santa Elena \u2013 La Libertad \u2013 Salinas. El primer tramo de 14,5 kil\u00f3metros ya est\u00e1 culminado mientras que el segundo, de 7,15 kil\u00f3metros tiene un avance del 70 %.<\/p>\n<p>Santa Elena es el punto de partida de este camino por el cual el Gobierno Nacional avanza con la fuerza de la juventud: una fuerza pujante, valiente y honrada. Por eso, el jefe de Estado dijo: \u201cHoy no hemos venido a constatar los avances de una obra m\u00e1s, sino a demostrar con hechos lo que otros solo prometieron\u201d.<\/p>\n<p>Para esta obra, el Ministerio de Transporte y Obras P\u00fablicas (MTOP) invirti\u00f3 cerca de USD 23,6 millones. Los trabajos viales permitieron dar empleo a 900 personas de la zona, reactivando la actividad laboral local.<\/p>\n<p>Por su parte, el ministro de Transporte y Obras P\u00fablicas, Roberto Luque, indic\u00f3 que en tres meses el paso lateral de Salinas estar\u00e1 listo para abrir la temporada playera. Adem\u00e1s, la nueva v\u00eda reducir\u00e1 los tiempos de traslado entre Guayaquil, Santa Elena y Salinas respectivamente.<\/p>\n<p>El Mandatario se\u00f1al\u00f3 que los 161 kil\u00f3metros de la Red Vial Estatal de la provincia se encuentran al 100 %, en \u00f3ptimas condiciones y buen estado. Y otros tramos de la v\u00eda E15 han recibido mantenimiento en la calzada y se\u00f1al\u00e9tica.<\/p>\n<p><strong>Suspensi\u00f3n de radares en v\u00eda a la Costa<\/strong><br \/>\nDurante el recorrido, el titular del MTOP inform\u00f3 que se est\u00e1n desplegando acciones para la suspensi\u00f3n de 183 radares, propios de la Comisi\u00f3n de Tr\u00e1nsito del Ecuador (CTE). Y posteriormente se realizar\u00e1 el mismo proceso con los dispositivos de las mancomunidades y municipios tipo B que \u201cma\u00f1osamente han metido la mano en los bolsillos de la ciudadan\u00eda poniendo radares en las zonas donde recaudan m\u00e1s y no en el lugar donde deber\u00edan estar\u201d.<\/p>\n<p>Asimismo, se\u00f1al\u00f3 que existen problemas en las concesiones viales porque los contratos est\u00e1n por sobre el valor de los peajes, a escala nacional: \u201cNo puede ser que los municipios est\u00e9n cobrando en zonas que son de competencia del ministerio, generando multas y que eso no se invierta en seguridad vial\u201d.<\/p>\n<p>En respuesta, Noboa indic\u00f3 que en su gobierno no permitir\u00e1 que se repita el pasado, que durante su gesti\u00f3n \u201ccuidar\u00e1 celosamente las arcas fiscales\u201d del pa\u00eds<\/p>\n","protected":false},"excerpt":{"rendered":"<p>Salinas.- El Nuevo Ecuador garantiza mejores v\u00edas para Santa Elena. El presidente de la Rep\u00fablica, Daniel Noboa, recorri\u00f3 esta ma\u00f1ana 16 de septiembre de 2024 el paso lateral Santa Elena \u2013 La Libertad \u2013 Salinas. El primer tramo de 14,5 kil\u00f3metros ya est\u00e1 culminado mientras que el segundo, de 7,15 kil\u00f3metros tiene un avance del [&hellip;]<\/p>\n","protected":false},"author":2,"featured_media":19015,"comment_status":"open","ping_status":"closed","sticky":false,"template":"","format":"standard","meta":{"_jetpack_memberships_contains_paid_content":false,"footnotes":""},"categories":[13],"tags":[1322],"class_list":["post-19014","post","type-post","status-publish","format-standard","has-post-thumbnail","hentry","category-noticias-nacionales","tag-presidente-daniel-noboa"],"jetpack_featured_media_url":"https:\/\/radiocresatelital.com\/wp-content\/uploads\/2024\/09\/53999009017_5fb9e15957_c.jpg","jetpack_sharing_enabled":true,"_links":{"self":[{"href":"https:\/\/radiocresatelital.com\/index.php?rest_route=\/wp\/v2\/posts\/19014","targetHints":{"allow":["GET"]}}],"collection":[{"href":"https:\/\/radiocresatelital.com\/index.php?rest_route=\/wp\/v2\/posts"}],"about":[{"href":"https:\/\/radiocresatelital.com\/index.php?rest_route=\/wp\/v2\/types\/post"}],"author":[{"embeddable":true,"href":"https:\/\/radiocresatelital.com\/index.php?rest_route=\/wp\/v2\/users\/2"}],"replies":[{"embeddable":true,"href":"https:\/\/radiocresatelital.com\/index.php?rest_route=%2Fwp%2Fv2%2Fcomments&post=19014"}],"version-history":[{"count":1,"href":"https:\/\/radiocresatelital.com\/index.php?rest_route=\/wp\/v2\/posts\/19014\/revisions"}],"predecessor-version":[{"id":19016,"href":"https:\/\/radiocresatelital.com\/index.php?rest_route=\/wp\/v2\/posts\/19014\/revisions\/19016"}],"wp:featuredmedia":[{"embeddable":true,"href":"https:\/\/radiocresatelital.com\/index.php?rest_route=\/wp\/v2\/media\/19015"}],"wp:attachment":[{"href":"https:\/\/radiocresatelital.com\/index.php?rest_route=%2Fwp%2Fv2%2Fmedia&parent=19014"}],"wp:term":[{"taxonomy":"category","embeddable":true,"href":"https:\/\/radiocresatelital.com\/index.php?rest_route=%2Fwp%2Fv2%2Fcategories&post=19014"},{"taxonomy":"post_tag","embeddable":true,"href":"https:\/\/radiocresatelital.com\/index.php?rest_route=%2Fwp%2Fv2%2Ftags&post=19014"}],"curies":[{"name":"wp","href":"https:\/\/api.w.org\/{rel}","templated":true}]}}