{"id":19011,"date":"2024-09-16T20:42:01","date_gmt":"2024-09-16T20:42:01","guid":{"rendered":"https:\/\/radiocresatelital.com\/?p=19011"},"modified":"2024-09-16T20:42:01","modified_gmt":"2024-09-16T20:42:01","slug":"britanico-sebastian-coe-es-uno-de-los-candidatos-para-nuevo-presidente-del-coi","status":"publish","type":"post","link":"https:\/\/radiocresatelital.com\/?p=19011","title":{"rendered":"Brit\u00e1nico Sebastian Coe es uno de los candidatos para nuevo Presidente del COI"},"content":{"rendered":"<p>Lausana.- Uno de los candidatos para buscar la Presidencia del Comit\u00e9 Ol\u00edmpico Internacional (COI), el\u00a0 brit\u00e1nico Sebastian Coe, quien actualmente es el Presidente de World Athletics, es uno de los siete candidatos a suceder al alem\u00e1n Thomas Bach a partir de marzo de 2025.<\/p>\n<p>Lo anunci\u00f3 el COI, el cual anunci\u00f3 que tambi\u00e9n el franc\u00e9s David Lappartient, m\u00e1ximo responsable de la Uni\u00f3n Internacional de Ciclismo (UCI), y el espa\u00f1ol Juan Antonio Samaranch j\u00fanior buscar\u00e1n imponerse en las elecciones previstas entre el 18 y el 21 de marzo de 2025 en el Congreso que la entidad realizar\u00e1 en Grecia.<\/p>\n<p>La lista de candidatos para suceder a Bach se completa con el pr\u00edncipe Feisal AL Hussein (hermano del rey de Jordania), la zimbabuense Kirsty Coventry (ex campeona de nataci\u00f3n), el sueco Johan Eliasch (presidente de la Federaci\u00f3n Internacional de Esqu\u00ed) y el japon\u00e9s Morinari Watanabe (titular de la Federaci\u00f3n Internacional de Gimnasia).<\/p>\n<p>Bach, que preside el COI desde 2013, anunci\u00f3 tras los Juegos Ol\u00edmpicos de Par\u00eds 2024 su intenci\u00f3n de no volver a presentarse para otro mandato.<\/p>\n<p>Coe, bicampe\u00f3n ol\u00edmpico e integrante del Comitpe Organizador de los Juegos Ol\u00edmpicos de Londres 2012 se perfila como favorito a suceder a Bach, incluso por delante de Lappartient y de Juan Antonio Samaranch j\u00fanior, hijo del hist\u00f3rico presidente de la COI.<\/p>\n<p>\u00abLos candidatos presentar\u00e1n su programa por video a todos los miembros del COI durante una reuni\u00f3n que se celebrar\u00e1 en Lausana (Suiza) en enero de 2025\u00bb, inform\u00f3 la entidad presidida por Bach.<\/p>\n<p>Enmarcada por reglas dr\u00e1sticas, la campa\u00f1a electoral para suceder a Bach promete ser muy atenuada. La comisi\u00f3n de \u00e9tica, adem\u00e1s de las normas anticorrupci\u00f3n, establece normas discrecionales muy estrictas.<\/p>\n<p>Las directrices establecen que, para \u00abevitar excesos\u00bb, los contendientes deben \u00abevitar cualquier enfrentamiento\u00bb con sus rivales y \u00abno deben participar en ning\u00fan debate p\u00fablico entre ellos\u00bb.<\/p>\n<p>Los miembros del COI no s\u00f3lo no pueden apoyar p\u00fablicamente a un candidato, sino que esta neutralidad se aplica a toda la familia ol\u00edmpica, en particular a las federaciones internacionales y a los comit\u00e9s ol\u00edmpicos nacionales y a su personal. Incluso tienen prohibido darles \u00abme gusta\u00bb en redes sociales.<\/p>\n","protected":false},"excerpt":{"rendered":"<p>Lausana.- Uno de los candidatos para buscar la Presidencia del Comit\u00e9 Ol\u00edmpico Internacional (COI), el\u00a0 brit\u00e1nico Sebastian Coe, quien actualmente es el Presidente de World Athletics, es uno de los siete candidatos a suceder al alem\u00e1n Thomas Bach a partir de marzo de 2025. Lo anunci\u00f3 el COI, el cual anunci\u00f3 que tambi\u00e9n el franc\u00e9s [&hellip;]<\/p>\n","protected":false},"author":2,"featured_media":19012,"comment_status":"open","ping_status":"closed","sticky":false,"template":"","format":"standard","meta":{"_jetpack_memberships_contains_paid_content":false,"footnotes":""},"categories":[9],"tags":[1044],"class_list":["post-19011","post","type-post","status-publish","format-standard","has-post-thumbnail","hentry","category-deportes","tag-comite-olimpico-internacional"],"jetpack_featured_media_url":"https:\/\/radiocresatelital.com\/wp-content\/uploads\/2024\/09\/cnne-202114-iaaf-congress-day-one-2015-iaaf-world-championships.jpg","jetpack_sharing_enabled":true,"_links":{"self":[{"href":"https:\/\/radiocresatelital.com\/index.php?rest_route=\/wp\/v2\/posts\/19011","targetHints":{"allow":["GET"]}}],"collection":[{"href":"https:\/\/radiocresatelital.com\/index.php?rest_route=\/wp\/v2\/posts"}],"about":[{"href":"https:\/\/radiocresatelital.com\/index.php?rest_route=\/wp\/v2\/types\/post"}],"author":[{"embeddable":true,"href":"https:\/\/radiocresatelital.com\/index.php?rest_route=\/wp\/v2\/users\/2"}],"replies":[{"embeddable":true,"href":"https:\/\/radiocresatelital.com\/index.php?rest_route=%2Fwp%2Fv2%2Fcomments&post=19011"}],"version-history":[{"count":1,"href":"https:\/\/radiocresatelital.com\/index.php?rest_route=\/wp\/v2\/posts\/19011\/revisions"}],"predecessor-version":[{"id":19013,"href":"https:\/\/radiocresatelital.com\/index.php?rest_route=\/wp\/v2\/posts\/19011\/revisions\/19013"}],"wp:featuredmedia":[{"embeddable":true,"href":"https:\/\/radiocresatelital.com\/index.php?rest_route=\/wp\/v2\/media\/19012"}],"wp:attachment":[{"href":"https:\/\/radiocresatelital.com\/index.php?rest_route=%2Fwp%2Fv2%2Fmedia&parent=19011"}],"wp:term":[{"taxonomy":"category","embeddable":true,"href":"https:\/\/radiocresatelital.com\/index.php?rest_route=%2Fwp%2Fv2%2Fcategories&post=19011"},{"taxonomy":"post_tag","embeddable":true,"href":"https:\/\/radiocresatelital.com\/index.php?rest_route=%2Fwp%2Fv2%2Ftags&post=19011"}],"curies":[{"name":"wp","href":"https:\/\/api.w.org\/{rel}","templated":true}]}}