{"id":18975,"date":"2024-09-14T19:10:30","date_gmt":"2024-09-14T19:10:30","guid":{"rendered":"https:\/\/radiocresatelital.com\/?p=18975"},"modified":"2024-09-14T19:10:30","modified_gmt":"2024-09-14T19:10:30","slug":"presidente-daniel-noboa-aseguro-que-liberara-a-ecuador-de-la-mafia-durante-la-entrega-de-100-camionetas-adicionales-a-la-policia","status":"publish","type":"post","link":"https:\/\/radiocresatelital.com\/?p=18975","title":{"rendered":"Presidente Daniel Noboa asegur\u00f3 que liberar\u00e1 a Ecuador de la mafia, durante la entrega de 100 camionetas adicionales a la policia"},"content":{"rendered":"<p>Colonche.- El Gobierno Nacional realiz\u00f3 esta ma\u00f1ana, 14 de septiembre de 2024, la tercera y \u00faltima entrega de 100 camionetas \u2014de 339\u2014 para la Polic\u00eda Nacional. El presidente de la Rep\u00fablica, Daniel Noboa, desde el sector de Colonche expres\u00f3: \u201cContinuaremos incrementando las capacidades operativas y t\u00e9cnicas de nuestras fuerzas de seguridad con la entrega de armas, municiones, chalecos antibalas, veh\u00edculos\u201d.<\/p>\n<p>Las nuevas unidades ser\u00e1n distribuidas a las unidades de \u00e9lite y de inteligencia de la instituci\u00f3n policial de Santa Elena, una de las provincias que tambi\u00e9n fue olvidada por la vieja pol\u00edtica pero que ha sido recuperada por el Nuevo Ecuador. Estas forman parte de un total de 339 camionetas que han sido entregadas a la Polic\u00eda con una inversi\u00f3n de casi USD 10 millones.<\/p>\n<p>El subcomandante General de la Polic\u00eda Nacional, Fausto Buena\u00f1o, asegur\u00f3 que los veh\u00edculos recibidos reforzar\u00e1n la presencia policial para reducir tiempos de respuesta, aumentar el patrullaje y combatir a la delincuencia organizada: \u201cActuamos con la certeza de que podemos proteger a la ciudadan\u00eda sin dudar, con el uso leg\u00edtimo de la fuerza respaldados pol\u00edticamente y con un manual y reglamento\u201d.<\/p>\n<p>El Gobierno Nacional destaca el compromiso y valent\u00eda de las personas que integran la Polic\u00eda Nacional. Por ello, Noboa se\u00f1al\u00f3 que seguir\u00e1 luchando por su pa\u00eds \u201ctomando decisiones dif\u00edciles \u2014que nadie se anim\u00f3 a tomar\u2014 para liberar al Ecuador de los ladrones y mafiosos que intentan perpetuarse y hundirnos a todos\u201d.<\/p>\n<p>De igual manera, se\u00f1al\u00f3 que a muchos pol\u00edticos les estorba cada logro del gobierno porque les afecta, \u201cporque les estamos desbaratando sus negocios ilegales, porque estamos develando sus nexos con los terroristas, porque han perdido el respaldo de la gente que ya no cree en sus mentiras\u201d, se\u00f1al\u00f3 el Jefe de Estado.<\/p>\n<p>Por su parte el viceministro del Interior, Fausto \u00cd\u00f1iguez, asegur\u00f3 que la construcci\u00f3n del pa\u00eds a cargo de las y los polic\u00edas se refleja en el trabajo t\u00e1ctico para recuperar la seguridad ciudadana. Por lo que agradeci\u00f3 al Gobierno Nacional por el respaldo que mantiene con reglamentos y manuales que avalan el uso leg\u00edtimo de la fuerza.<\/p>\n<p>El Jefe de Estado, tras entregar simb\u00f3licamente las llaves de las camionetas a representantes de la Polic\u00eda Nacional junto a las moradoras del sector, Bertha Gonzabay y Georgina Paredes, mencion\u00f3: \u201cEsos mismos (la vieja pol\u00edtica) son los que lucran y usan los momentos m\u00e1s dif\u00edciles que enfrentamos, en esta lucha, para sacar provecho pol\u00edtico; quiero que sepan que seguiremos firmes en nuestro combate al crimen organizado est\u00e9 donde est\u00e9\u201d.<\/p>\n","protected":false},"excerpt":{"rendered":"<p>Colonche.- El Gobierno Nacional realiz\u00f3 esta ma\u00f1ana, 14 de septiembre de 2024, la tercera y \u00faltima entrega de 100 camionetas \u2014de 339\u2014 para la Polic\u00eda Nacional. El presidente de la Rep\u00fablica, Daniel Noboa, desde el sector de Colonche expres\u00f3: \u201cContinuaremos incrementando las capacidades operativas y t\u00e9cnicas de nuestras fuerzas de seguridad con la entrega de [&hellip;]<\/p>\n","protected":false},"author":2,"featured_media":18976,"comment_status":"open","ping_status":"closed","sticky":false,"template":"","format":"standard","meta":{"_jetpack_memberships_contains_paid_content":false,"footnotes":""},"categories":[13],"tags":[1322],"class_list":["post-18975","post","type-post","status-publish","format-standard","has-post-thumbnail","hentry","category-noticias-nacionales","tag-presidente-daniel-noboa"],"jetpack_featured_media_url":"https:\/\/radiocresatelital.com\/wp-content\/uploads\/2024\/09\/53994826583_45d36579ea_c.jpg","jetpack_sharing_enabled":true,"_links":{"self":[{"href":"https:\/\/radiocresatelital.com\/index.php?rest_route=\/wp\/v2\/posts\/18975","targetHints":{"allow":["GET"]}}],"collection":[{"href":"https:\/\/radiocresatelital.com\/index.php?rest_route=\/wp\/v2\/posts"}],"about":[{"href":"https:\/\/radiocresatelital.com\/index.php?rest_route=\/wp\/v2\/types\/post"}],"author":[{"embeddable":true,"href":"https:\/\/radiocresatelital.com\/index.php?rest_route=\/wp\/v2\/users\/2"}],"replies":[{"embeddable":true,"href":"https:\/\/radiocresatelital.com\/index.php?rest_route=%2Fwp%2Fv2%2Fcomments&post=18975"}],"version-history":[{"count":1,"href":"https:\/\/radiocresatelital.com\/index.php?rest_route=\/wp\/v2\/posts\/18975\/revisions"}],"predecessor-version":[{"id":18977,"href":"https:\/\/radiocresatelital.com\/index.php?rest_route=\/wp\/v2\/posts\/18975\/revisions\/18977"}],"wp:featuredmedia":[{"embeddable":true,"href":"https:\/\/radiocresatelital.com\/index.php?rest_route=\/wp\/v2\/media\/18976"}],"wp:attachment":[{"href":"https:\/\/radiocresatelital.com\/index.php?rest_route=%2Fwp%2Fv2%2Fmedia&parent=18975"}],"wp:term":[{"taxonomy":"category","embeddable":true,"href":"https:\/\/radiocresatelital.com\/index.php?rest_route=%2Fwp%2Fv2%2Fcategories&post=18975"},{"taxonomy":"post_tag","embeddable":true,"href":"https:\/\/radiocresatelital.com\/index.php?rest_route=%2Fwp%2Fv2%2Ftags&post=18975"}],"curies":[{"name":"wp","href":"https:\/\/api.w.org\/{rel}","templated":true}]}}