{"id":18951,"date":"2024-09-13T21:40:51","date_gmt":"2024-09-13T21:40:51","guid":{"rendered":"https:\/\/radiocresatelital.com\/?p=18951"},"modified":"2024-09-13T21:40:51","modified_gmt":"2024-09-13T21:40:51","slug":"deportista-del-team-toscana-logra-titulo-en-jiujitsu-durante-torneo-en-peru","status":"publish","type":"post","link":"https:\/\/radiocresatelital.com\/?p=18951","title":{"rendered":"Deportista del Team Toscana logra t\u00edtulo en jiujitsu durante torneo en Per\u00fa"},"content":{"rendered":"<p>Quito.- El deportista de los registros del <strong>Team Toscana <\/strong>Enrique Guerrero se adjudic\u00f3 el t\u00edtulo en la categor\u00eda 69 kilogramos cinta negra adulto del AJP (Abudabi jiujitsu Pro) de Per\u00fa, que forma parte del circuito clasificatorio para el Mundial de Abu Dabi (Emiratos \u00c1rabes Unidos).<\/p>\n<p>Actualmente, el jiujitsero ocupa el puesto n\u00famero uno del ranking nacional, con 4.200 puntos, superando a los tricolores Ariel Delgado (2.600), segundo y a Pa\u00fal Salazar (1.400), que es tercero. Solo los dos primeros acceden a la cita planetaria.<\/p>\n<p>El objetivo del guayaquile\u00f1o, que tiene el respaldo de la empresa ecuatoriana <strong>Toscana Alimentos, <\/strong>es participar al Mundial. \u201cHasta ahora ocupamos el primer lugar y el 15 de octubre se cierra la fase clasificatoria, as\u00ed que hay que seguir sumando puntos para ratificar mi presencia en Abu Dabi\u201d, dijo.<\/p>\n<p>La cita planetaria se llevar\u00e1 a cabo en la capital de los Emiratos \u00c1rabes Unidos el pr\u00f3ximo 15 de noviembre.<\/p>\n<p>Con respecto a lo que fue la competencia en Per\u00fa, Guerrero afirm\u00f3 que \u201cfue un torneo bien organizado, con rivales de alto nivel. En definitiva, fue una bonita experiencia competir en Per\u00fa\u201d, resalt\u00f3.<\/p>\n<p>\u201cKike\u201d, como se lo conoce en el entorno familiar, es uno de los competidores m\u00e1s destacados de este deporte en el pa\u00eds. Un ejemplo, de eso fue que en 2023 fue campe\u00f3n del Rio International Open IBJJF, que se desarroll\u00f3 en Brasil.<\/p>\n<p>El pr\u00f3ximo reto del deportista del <strong>Team Toscana <\/strong>ser\u00e1 el AJP Tour Panam\u00e1 en la capital del pa\u00eds centroamericano, el pr\u00f3ximo 13 de octubre.<\/p>\n","protected":false},"excerpt":{"rendered":"<p>Quito.- El deportista de los registros del Team Toscana Enrique Guerrero se adjudic\u00f3 el t\u00edtulo en la categor\u00eda 69 kilogramos cinta negra adulto del AJP (Abudabi jiujitsu Pro) de Per\u00fa, que forma parte del circuito clasificatorio para el Mundial de Abu Dabi (Emiratos \u00c1rabes Unidos). Actualmente, el jiujitsero ocupa el puesto n\u00famero uno del ranking [&hellip;]<\/p>\n","protected":false},"author":2,"featured_media":18952,"comment_status":"open","ping_status":"closed","sticky":false,"template":"","format":"standard","meta":{"_jetpack_memberships_contains_paid_content":false,"footnotes":""},"categories":[9],"tags":[2419],"class_list":["post-18951","post","type-post","status-publish","format-standard","has-post-thumbnail","hentry","category-deportes","tag-team-toscana"],"jetpack_featured_media_url":"https:\/\/radiocresatelital.com\/wp-content\/uploads\/2024\/09\/WhatsApp-Image-2024-09-13-at-10.31.43.jpeg","jetpack_sharing_enabled":true,"_links":{"self":[{"href":"https:\/\/radiocresatelital.com\/index.php?rest_route=\/wp\/v2\/posts\/18951","targetHints":{"allow":["GET"]}}],"collection":[{"href":"https:\/\/radiocresatelital.com\/index.php?rest_route=\/wp\/v2\/posts"}],"about":[{"href":"https:\/\/radiocresatelital.com\/index.php?rest_route=\/wp\/v2\/types\/post"}],"author":[{"embeddable":true,"href":"https:\/\/radiocresatelital.com\/index.php?rest_route=\/wp\/v2\/users\/2"}],"replies":[{"embeddable":true,"href":"https:\/\/radiocresatelital.com\/index.php?rest_route=%2Fwp%2Fv2%2Fcomments&post=18951"}],"version-history":[{"count":1,"href":"https:\/\/radiocresatelital.com\/index.php?rest_route=\/wp\/v2\/posts\/18951\/revisions"}],"predecessor-version":[{"id":18953,"href":"https:\/\/radiocresatelital.com\/index.php?rest_route=\/wp\/v2\/posts\/18951\/revisions\/18953"}],"wp:featuredmedia":[{"embeddable":true,"href":"https:\/\/radiocresatelital.com\/index.php?rest_route=\/wp\/v2\/media\/18952"}],"wp:attachment":[{"href":"https:\/\/radiocresatelital.com\/index.php?rest_route=%2Fwp%2Fv2%2Fmedia&parent=18951"}],"wp:term":[{"taxonomy":"category","embeddable":true,"href":"https:\/\/radiocresatelital.com\/index.php?rest_route=%2Fwp%2Fv2%2Fcategories&post=18951"},{"taxonomy":"post_tag","embeddable":true,"href":"https:\/\/radiocresatelital.com\/index.php?rest_route=%2Fwp%2Fv2%2Ftags&post=18951"}],"curies":[{"name":"wp","href":"https:\/\/api.w.org\/{rel}","templated":true}]}}