{"id":18943,"date":"2024-09-13T21:17:44","date_gmt":"2024-09-13T21:17:44","guid":{"rendered":"https:\/\/radiocresatelital.com\/?p=18943"},"modified":"2024-09-13T21:17:44","modified_gmt":"2024-09-13T21:17:44","slug":"copa-davis-hong-kong-vs-ecuador-andres-andrade-abre-la-serie-ante-jack-cheng","status":"publish","type":"post","link":"https:\/\/radiocresatelital.com\/?p=18943","title":{"rendered":"Copa Davis Hong Kong vs Ecuador: Andr\u00e9s Andrade abre la serie ante Jack Cheng"},"content":{"rendered":"<p>Hong Kong.- El ecuatoriano Andr\u00e9s Andrade, de 25 a\u00f1os de edad y n\u00famero 250 en el ranking ATP, abre la serie por el Grupo Mundial II de Copa Davis ante el hongkon\u00e9s Jack Cheng, de 15 a\u00f1os y n\u00famero 1.600 ATP, que se jugar\u00e1 a las 23h00 (hora de Ecuador) de este viernes 13 de septiembre.<\/p>\n<p>El sorteo de esta serie, que se jugar\u00e1 en el Victoria Park Tennis Stadium, se desarroll\u00f3 este jueves y se estableci\u00f3 que el segundo partido de esta primera jornada enfrentar\u00e1 al local Coleman Wong, de 20 a\u00f1os de edad y #137 en ATP, ante el nacional Marcos Chan, de 18 a\u00f1os de edad y #1.320.<\/p>\n<p>La segunda jornada (s\u00e1bado 14 de septiembre a las 23h00, hora de Ecuador) se iniciar\u00e1 con el partido de dobles, donde se enfrentar\u00e1n los hongkoneses Chun Hun Wong, de 28 a\u00f1os de edad y 2112 ATP en dobles, y Coleman Wong ante los ecuatorianos Gonzalo Escobar, de 35 a\u00f1os y #54 ATP en dobles, y Diego Hidalgo, de 31 a\u00f1os y #78 en dobles.<\/p>\n<p>Luego vendr\u00e1n los dos partidos de singles que cerrar\u00e1n la serie, entre: Andr\u00e9s Andrade y Coleman Wong; y, Marcos Chan ante Jack Cheng.<\/p>\n<p>Las naciones ganadoras del Grupo Mundial II competir\u00e1n en los playoffs del Grupo Mundial I de 2025. Mientras que las perdedoras jugar\u00e1n en un repechaje del Grupo Mundial II el pr\u00f3ximo a\u00f1o.<\/p>\n","protected":false},"excerpt":{"rendered":"<p>Hong Kong.- El ecuatoriano Andr\u00e9s Andrade, de 25 a\u00f1os de edad y n\u00famero 250 en el ranking ATP, abre la serie por el Grupo Mundial II de Copa Davis ante el hongkon\u00e9s Jack Cheng, de 15 a\u00f1os y n\u00famero 1.600 ATP, que se jugar\u00e1 a las 23h00 (hora de Ecuador) de este viernes 13 de [&hellip;]<\/p>\n","protected":false},"author":2,"featured_media":18944,"comment_status":"open","ping_status":"closed","sticky":false,"template":"","format":"standard","meta":{"_jetpack_memberships_contains_paid_content":false,"footnotes":""},"categories":[736,9,64],"tags":[695,3000,3001],"class_list":["post-18943","post","type-post","status-publish","format-standard","has-post-thumbnail","hentry","category-copa-davis","category-deportes","category-tenis","tag-copa-davis","tag-equipo-ecuador","tag-equipo-hong-kong"],"jetpack_featured_media_url":"https:\/\/radiocresatelital.com\/wp-content\/uploads\/2024\/09\/WhatsApp-Image-2024-09-13-at-01.51.05.jpeg","jetpack_sharing_enabled":true,"_links":{"self":[{"href":"https:\/\/radiocresatelital.com\/index.php?rest_route=\/wp\/v2\/posts\/18943","targetHints":{"allow":["GET"]}}],"collection":[{"href":"https:\/\/radiocresatelital.com\/index.php?rest_route=\/wp\/v2\/posts"}],"about":[{"href":"https:\/\/radiocresatelital.com\/index.php?rest_route=\/wp\/v2\/types\/post"}],"author":[{"embeddable":true,"href":"https:\/\/radiocresatelital.com\/index.php?rest_route=\/wp\/v2\/users\/2"}],"replies":[{"embeddable":true,"href":"https:\/\/radiocresatelital.com\/index.php?rest_route=%2Fwp%2Fv2%2Fcomments&post=18943"}],"version-history":[{"count":1,"href":"https:\/\/radiocresatelital.com\/index.php?rest_route=\/wp\/v2\/posts\/18943\/revisions"}],"predecessor-version":[{"id":18945,"href":"https:\/\/radiocresatelital.com\/index.php?rest_route=\/wp\/v2\/posts\/18943\/revisions\/18945"}],"wp:featuredmedia":[{"embeddable":true,"href":"https:\/\/radiocresatelital.com\/index.php?rest_route=\/wp\/v2\/media\/18944"}],"wp:attachment":[{"href":"https:\/\/radiocresatelital.com\/index.php?rest_route=%2Fwp%2Fv2%2Fmedia&parent=18943"}],"wp:term":[{"taxonomy":"category","embeddable":true,"href":"https:\/\/radiocresatelital.com\/index.php?rest_route=%2Fwp%2Fv2%2Fcategories&post=18943"},{"taxonomy":"post_tag","embeddable":true,"href":"https:\/\/radiocresatelital.com\/index.php?rest_route=%2Fwp%2Fv2%2Ftags&post=18943"}],"curies":[{"name":"wp","href":"https:\/\/api.w.org\/{rel}","templated":true}]}}