{"id":18831,"date":"2024-09-11T23:08:41","date_gmt":"2024-09-11T23:08:41","guid":{"rendered":"https:\/\/radiocresatelital.com\/?p=18831"},"modified":"2024-09-11T23:08:41","modified_gmt":"2024-09-11T23:08:41","slug":"guayaquil-celebra-20-anos-del-challenger","status":"publish","type":"post","link":"https:\/\/radiocresatelital.com\/?p=18831","title":{"rendered":"Guayaquil celebra 20 a\u00f1os del Challenger"},"content":{"rendered":"<p>Guayaquil.- La edici\u00f3n 2024 del Challenger Ciudad de Guayaquil COPA BANCO GUAYAQUIL se acerca y ser\u00e1 muy especial, pues se celebran veinte a\u00f1os seguidos del torneo que se ha convertido en un referente en Latinoam\u00e9rica, por tal raz\u00f3n se incluir\u00e1n varias actividades durante la semana de competencia.<\/p>\n<p>La fecha confirmada por la Asociaci\u00f3n de Tenistas Profesionales (ATP) es del 28 de octubre al 3 de noviembre de 2024, la\u00a0sede ser\u00e1 el Anexo\u00a0Guayaquil Tenis Club (Av. Samborond\u00f3n), en superficie de arcilla. El total de premios a\u00a0repartir es\u00a0$82,000\u00a0y el campe\u00f3n obtendr\u00e1 75 puntos ATP.<\/p>\n<p><strong>LLEGAN REPRESENTANTES DE LA ATP<\/strong><br \/>\nLa trascendencia e impacto que el Challenger Ciudad de Guayaquil COPA BANCO GUAYAQUIL ha tenido durante las dos d\u00e9cadas ser\u00e1 reconocido por la ATP, por tal raz\u00f3n dos representantes del organismo que dirige el tenis mundial vendr\u00e1n a Ecuador y otorgar\u00e1n un reconocimiento oficial al torneo.<\/p>\n<p>Eric Lamquet, director del Challenger Tour y Josh Meiseles, manager Tour de Promoci\u00f3n y Prensa, estar\u00e1n presentes y tendr\u00e1n reuniones con los organizadores, Andr\u00e9s G\u00f3mez (director) y Luis Adri\u00e1n Morej\u00f3n, con quienes sumar\u00e1n ideas para que el torneo siga vigente en el calendario internacional.<\/p>\n<p>\u201cContentos y emocionados, as\u00ed estamos, con la ilusi\u00f3n de que llegue la fecha para arrancar la edici\u00f3n 20. No ha sido nada f\u00e1cil mantenerse, pero el apoyo de los aficionados, prensa y en especial de los auspiciantes ha sido fundamental para brindar tenis del m\u00e1s alto nivel en nuestra ciudad y pa\u00eds. Adem\u00e1s de permitir a nuestros tenistas competir y para algunos de ellos debutar en el tour profesional y otros ganar sus primeros puntos ATP\u201d, manifest\u00f3 Andr\u00e9s G\u00f3mez, director del torneo.<\/p>\n<p><strong>2005 EL PRIMER RAQUETAZO<\/strong><br \/>\nLa primera edici\u00f3n se disput\u00f3 el 2005 en la sede centro del Guayaquil Tenis Club, la final fue netamente brasile\u00f1a entre Marcos Daniel (campe\u00f3n) y Flavio Saretta, las tardes y noches del club del salado fueron testigos en los a\u00f1os siguientes de los triunfos de Sergio Roitman, Nicol\u00e1s Lapentti, Paul Capdeville y Matteo Viola, ya a partir del 2012 se disputa en el Anexo, donde alzaron los trofeos Leonardo Mayer, Pablo Cuevas, Gastao Elias, Nicol\u00e1s Kicker, Gerald Melzer, Guido Andreozzi, Thiago Seyboth Wild, Francisco\u00a0Cer\u00fandolo, Daniel Altmaier y Alejandro Tabilo.<\/p>\n<p><strong>NI LA PANDEMIA LO DETUVO<\/strong><br \/>\nEste Challenger es el \u00fanico en Sudam\u00e9rica en disputarse 20 a\u00f1os seguidos, incluso se lo realiz\u00f3 en el a\u00f1o duro de la pandemia el 2020, lo que evidencia la experiencia de sus organizadores y la confianza de la ATP para con ellos.<\/p>\n<p>La fecha l\u00edmite de inscripciones para el Challenger Ciudad de Guayaquil ser\u00e1 el lunes 7 de octubre, por lo que ese d\u00eda la ATP har\u00e1 el corte respectivo y se podr\u00e1 anunciar la lista oficial de tenistas que tomar\u00e1n participaci\u00f3n de la edici\u00f3n 2024.<\/p>\n<p>El cuadro del torneo ser\u00e1 de 32 jugadores, de los que gracias a su ranking 21 tenistas acceder\u00e1n directamente al cuadro principal, a ellos se sumar\u00e1n 6 jugadores de la fase de clasificaci\u00f3n (qualy), 3 invitados (wild cards) y 2 exenciones especiales si las hubiere.<\/p>\n<p><strong>CAMPEONES CHALLENGER GUAYAQUIL<\/strong><br \/>\n2005 Marcos Daniel BRA<br \/>\n2006 Sergio Roitman ARG<br \/>\n2007 Nicol\u00e1s Lapentti ECU<br \/>\n2008 Sergio Roitman ARG<br \/>\n2009 Nicol\u00e1s Lapentti ECU<br \/>\n2010 Paul Capdeville CHI<br \/>\n2011 Matteo Viola ITA<br \/>\n2012 Leonardo Mayer ARG<br \/>\n2013 Leonardo Mayer ARG<br \/>\n2014 Pablo Cuevas URU<br \/>\n2015 Gastao Elias POR<br \/>\n2016 Nicol\u00e1s Kicker ARG<br \/>\n2017 Gerald Melzer AUT<br \/>\n2018 Guido Andreozzi ARG<br \/>\n2019 Thiago Seyboth Wild<br \/>\n2020 Francisco\u00a0Cer\u00fandolo\u00a0ARG<br \/>\n2021 Alejandro Tabilo CHI<br \/>\n2022 Daniel Altmaier ALE<br \/>\n2023 Alejandro Tabilo CHI<\/p>\n","protected":false},"excerpt":{"rendered":"<p>Guayaquil.- La edici\u00f3n 2024 del Challenger Ciudad de Guayaquil COPA BANCO GUAYAQUIL se acerca y ser\u00e1 muy especial, pues se celebran veinte a\u00f1os seguidos del torneo que se ha convertido en un referente en Latinoam\u00e9rica, por tal raz\u00f3n se incluir\u00e1n varias actividades durante la semana de competencia. La fecha confirmada por la Asociaci\u00f3n de Tenistas [&hellip;]<\/p>\n","protected":false},"author":2,"featured_media":18832,"comment_status":"open","ping_status":"closed","sticky":false,"template":"","format":"standard","meta":{"_jetpack_memberships_contains_paid_content":false,"footnotes":""},"categories":[9,64],"tags":[907],"class_list":["post-18831","post","type-post","status-publish","format-standard","has-post-thumbnail","hentry","category-deportes","category-tenis","tag-challenger-ciudad-de-guayaquil"],"jetpack_featured_media_url":"https:\/\/radiocresatelital.com\/wp-content\/uploads\/2024\/09\/Troefo_Alcalde_organizadores-1.jpg","jetpack_sharing_enabled":true,"_links":{"self":[{"href":"https:\/\/radiocresatelital.com\/index.php?rest_route=\/wp\/v2\/posts\/18831","targetHints":{"allow":["GET"]}}],"collection":[{"href":"https:\/\/radiocresatelital.com\/index.php?rest_route=\/wp\/v2\/posts"}],"about":[{"href":"https:\/\/radiocresatelital.com\/index.php?rest_route=\/wp\/v2\/types\/post"}],"author":[{"embeddable":true,"href":"https:\/\/radiocresatelital.com\/index.php?rest_route=\/wp\/v2\/users\/2"}],"replies":[{"embeddable":true,"href":"https:\/\/radiocresatelital.com\/index.php?rest_route=%2Fwp%2Fv2%2Fcomments&post=18831"}],"version-history":[{"count":1,"href":"https:\/\/radiocresatelital.com\/index.php?rest_route=\/wp\/v2\/posts\/18831\/revisions"}],"predecessor-version":[{"id":18833,"href":"https:\/\/radiocresatelital.com\/index.php?rest_route=\/wp\/v2\/posts\/18831\/revisions\/18833"}],"wp:featuredmedia":[{"embeddable":true,"href":"https:\/\/radiocresatelital.com\/index.php?rest_route=\/wp\/v2\/media\/18832"}],"wp:attachment":[{"href":"https:\/\/radiocresatelital.com\/index.php?rest_route=%2Fwp%2Fv2%2Fmedia&parent=18831"}],"wp:term":[{"taxonomy":"category","embeddable":true,"href":"https:\/\/radiocresatelital.com\/index.php?rest_route=%2Fwp%2Fv2%2Fcategories&post=18831"},{"taxonomy":"post_tag","embeddable":true,"href":"https:\/\/radiocresatelital.com\/index.php?rest_route=%2Fwp%2Fv2%2Ftags&post=18831"}],"curies":[{"name":"wp","href":"https:\/\/api.w.org\/{rel}","templated":true}]}}