{"id":1880,"date":"2023-08-03T17:17:24","date_gmt":"2023-08-03T17:17:24","guid":{"rendered":"https:\/\/radiocresatelital.com\/?p=1880"},"modified":"2023-08-03T17:17:24","modified_gmt":"2023-08-03T17:17:24","slug":"policia-nacional-recibe-51-068-credenciales-para-ejercer-su-voto-facultativo","status":"publish","type":"post","link":"https:\/\/radiocresatelital.com\/?p=1880","title":{"rendered":"Polic\u00eda Nacional recibe 51.068 credenciales para ejercer su voto facultativo"},"content":{"rendered":"<p>Quito.- En cumplimiento de lo establecido en la Constituci\u00f3n de la Rep\u00fablica y el C\u00f3digo de la Democracia, el Consejo Nacional Electoral (CNE), este 03 de agosto, entreg\u00f3 51.068 credenciales a los miembros de la Polic\u00eda Nacional en Servicio Activo, para que ejerzan su derecho al voto facultativo en las Elecciones Anticipadas 2023.<\/p>\n<p>La presidenta del CNE, Diana Atamaint, resalt\u00f3 el trabajo que cumple la Polic\u00eda Nacional en todas las etapas del proceso electoral, para\u00a0 incrementar la confianza, garantizar el orden p\u00fablico y dar seguridad a los electores.<\/p>\n<p>\u00abEntregamos estas credenciales de voto facultativo, para que la Polic\u00eda Nacional forme parte de las decisiones pol\u00edticas y administrativas del Ecuador\u00bb, mencion\u00f3.<\/p>\n<p>Con estas acciones, el CNE ratifica su compromiso para que el pa\u00eds viva una fiesta democr\u00e1tica en los comicios del domingo 20 de agosto.<\/p>\n","protected":false},"excerpt":{"rendered":"<p>Quito.- En cumplimiento de lo establecido en la Constituci\u00f3n de la Rep\u00fablica y el C\u00f3digo de la Democracia, el Consejo Nacional Electoral (CNE), este 03 de agosto, entreg\u00f3 51.068 credenciales a los miembros de la Polic\u00eda Nacional en Servicio Activo, para que ejerzan su derecho al voto facultativo en las Elecciones Anticipadas 2023. La presidenta [&hellip;]<\/p>\n","protected":false},"author":2,"featured_media":1882,"comment_status":"open","ping_status":"closed","sticky":false,"template":"","format":"standard","meta":{"_jetpack_memberships_contains_paid_content":false,"footnotes":""},"categories":[13],"tags":[318,362],"class_list":["post-1880","post","type-post","status-publish","format-standard","has-post-thumbnail","hentry","category-noticias-nacionales","tag-cne","tag-policia-nacional"],"jetpack_featured_media_url":"https:\/\/radiocresatelital.com\/wp-content\/uploads\/2023\/08\/dc8ed923-1f7b-469b-8bec-478978206ff6.jpg","jetpack_sharing_enabled":true,"_links":{"self":[{"href":"https:\/\/radiocresatelital.com\/index.php?rest_route=\/wp\/v2\/posts\/1880","targetHints":{"allow":["GET"]}}],"collection":[{"href":"https:\/\/radiocresatelital.com\/index.php?rest_route=\/wp\/v2\/posts"}],"about":[{"href":"https:\/\/radiocresatelital.com\/index.php?rest_route=\/wp\/v2\/types\/post"}],"author":[{"embeddable":true,"href":"https:\/\/radiocresatelital.com\/index.php?rest_route=\/wp\/v2\/users\/2"}],"replies":[{"embeddable":true,"href":"https:\/\/radiocresatelital.com\/index.php?rest_route=%2Fwp%2Fv2%2Fcomments&post=1880"}],"version-history":[{"count":1,"href":"https:\/\/radiocresatelital.com\/index.php?rest_route=\/wp\/v2\/posts\/1880\/revisions"}],"predecessor-version":[{"id":1883,"href":"https:\/\/radiocresatelital.com\/index.php?rest_route=\/wp\/v2\/posts\/1880\/revisions\/1883"}],"wp:featuredmedia":[{"embeddable":true,"href":"https:\/\/radiocresatelital.com\/index.php?rest_route=\/wp\/v2\/media\/1882"}],"wp:attachment":[{"href":"https:\/\/radiocresatelital.com\/index.php?rest_route=%2Fwp%2Fv2%2Fmedia&parent=1880"}],"wp:term":[{"taxonomy":"category","embeddable":true,"href":"https:\/\/radiocresatelital.com\/index.php?rest_route=%2Fwp%2Fv2%2Fcategories&post=1880"},{"taxonomy":"post_tag","embeddable":true,"href":"https:\/\/radiocresatelital.com\/index.php?rest_route=%2Fwp%2Fv2%2Ftags&post=1880"}],"curies":[{"name":"wp","href":"https:\/\/api.w.org\/{rel}","templated":true}]}}