{"id":1877,"date":"2023-08-03T17:13:07","date_gmt":"2023-08-03T17:13:07","guid":{"rendered":"https:\/\/radiocresatelital.com\/?p=1877"},"modified":"2023-08-03T17:28:34","modified_gmt":"2023-08-03T17:28:34","slug":"prefecta-de-esmeraldas-responsabiliza-de-la-inseguridad-de-su-provincia-a-rafael-correa","status":"publish","type":"post","link":"https:\/\/radiocresatelital.com\/?p=1877","title":{"rendered":"Prefecta de Esmeraldas responsabiliza de la inseguridad de su provincia a Rafael Correa"},"content":{"rendered":"<p>Esmeraldas.- Con un video que circula en redes sociales, la Prefecta de Esmeraldas, profiere fuertes adjetivos calificativos a un comunicador social y responsabiliza de la inseguridad y violencia que soporta su provincia al ex presidente, Rafael Correa.<\/p>\n<p>Roberta Zambrano, califica de payaso, idiota y mequetrefe al periodista de investigaci\u00f3n Andr\u00e9s Dur\u00e1n, quien cuestiona el nombramiento de su hija como agregada dentro de la embajada de Ecuador en Espa\u00f1a; el comunicador, afirma adem\u00e1s, que Esmeraldas ha pasado de ser la provincia verde a una provincia roja, haciendo con ello referencia a los altos niveles de inseguridad.<\/p>\n<p>Pero la prefecta Zambrano, lo corrige y asegura que Esmeraldas es \u00abtierra verde\u00bb para \u00e9l y para cualquiera, acto seguido responsabiliza al expresidente Rafael Correa de la inseguridad que vive su provincia. \u00abPor qu\u00e9 dice Rafael Correa que ustedes si pueden parar todo lo que esta pasando de muerte, de sufrimiento, de delincuencia, por qu\u00e9 dice su candidato a asambleista que si no ganan hay que salir corriendo?\u00bb<\/p>\n<p>Finalmente, la autoridad provincial deja varias inquietudes en el aire para que la ciudadan\u00eda busque su propia respuesta.<\/p>\n<p>&nbsp;<\/p>\n","protected":false},"excerpt":{"rendered":"<p>Esmeraldas.- Con un video que circula en redes sociales, la Prefecta de Esmeraldas, profiere fuertes adjetivos calificativos a un comunicador social y responsabiliza de la inseguridad y violencia que soporta su provincia al ex presidente, Rafael Correa. Roberta Zambrano, califica de payaso, idiota y mequetrefe al periodista de investigaci\u00f3n Andr\u00e9s Dur\u00e1n, quien cuestiona el nombramiento [&hellip;]<\/p>\n","protected":false},"author":3,"featured_media":1889,"comment_status":"open","ping_status":"closed","sticky":false,"template":"","format":"standard","meta":{"_jetpack_memberships_contains_paid_content":false,"footnotes":""},"categories":[13],"tags":[382,433],"class_list":["post-1877","post","type-post","status-publish","format-standard","has-post-thumbnail","hentry","category-noticias-nacionales","tag-esmeraldas","tag-prefecta-de-esmeraldas"],"jetpack_featured_media_url":"https:\/\/radiocresatelital.com\/wp-content\/uploads\/2023\/08\/DSC_0053.jpg","jetpack_sharing_enabled":true,"_links":{"self":[{"href":"https:\/\/radiocresatelital.com\/index.php?rest_route=\/wp\/v2\/posts\/1877","targetHints":{"allow":["GET"]}}],"collection":[{"href":"https:\/\/radiocresatelital.com\/index.php?rest_route=\/wp\/v2\/posts"}],"about":[{"href":"https:\/\/radiocresatelital.com\/index.php?rest_route=\/wp\/v2\/types\/post"}],"author":[{"embeddable":true,"href":"https:\/\/radiocresatelital.com\/index.php?rest_route=\/wp\/v2\/users\/3"}],"replies":[{"embeddable":true,"href":"https:\/\/radiocresatelital.com\/index.php?rest_route=%2Fwp%2Fv2%2Fcomments&post=1877"}],"version-history":[{"count":3,"href":"https:\/\/radiocresatelital.com\/index.php?rest_route=\/wp\/v2\/posts\/1877\/revisions"}],"predecessor-version":[{"id":1890,"href":"https:\/\/radiocresatelital.com\/index.php?rest_route=\/wp\/v2\/posts\/1877\/revisions\/1890"}],"wp:featuredmedia":[{"embeddable":true,"href":"https:\/\/radiocresatelital.com\/index.php?rest_route=\/wp\/v2\/media\/1889"}],"wp:attachment":[{"href":"https:\/\/radiocresatelital.com\/index.php?rest_route=%2Fwp%2Fv2%2Fmedia&parent=1877"}],"wp:term":[{"taxonomy":"category","embeddable":true,"href":"https:\/\/radiocresatelital.com\/index.php?rest_route=%2Fwp%2Fv2%2Fcategories&post=1877"},{"taxonomy":"post_tag","embeddable":true,"href":"https:\/\/radiocresatelital.com\/index.php?rest_route=%2Fwp%2Fv2%2Ftags&post=1877"}],"curies":[{"name":"wp","href":"https:\/\/api.w.org\/{rel}","templated":true}]}}