{"id":18394,"date":"2024-08-30T23:26:39","date_gmt":"2024-08-30T23:26:39","guid":{"rendered":"https:\/\/radiocresatelital.com\/?p=18394"},"modified":"2024-08-30T23:26:39","modified_gmt":"2024-08-30T23:26:39","slug":"presidente-daniel-noboa-entrego-a-la-parroquia-el-cisne-la-certificacion-por-su-incorporacion-al-programa-upgrade","status":"publish","type":"post","link":"https:\/\/radiocresatelital.com\/?p=18394","title":{"rendered":"Presidente Daniel Noboa entreg\u00f3 a la parroquia El Cisne la certificaci\u00f3n por su incorporaci\u00f3n al Programa Upgrade"},"content":{"rendered":"<p>El Cisne.- La parroquia El Cisne, ubicada en la provincia de Loja, desde esta ma\u00f1ana es parte del programa UPGRADE, que a su vez forma parte de la iniciativa Best Tourism Villages de ONU Turismo. El presidente de la Rep\u00fablica, Daniel Noboa Azin, visit\u00f3 la zona y lider\u00f3 la entrega de esta certificaci\u00f3n: \u201cQuiero agradecerles, por trabajar en equipo, por hacer posible este reconocimiento que nos dar\u00e1 visibilidad a nivel mundial\u201d, dijo.<\/p>\n<p>El Cisne, al ser parte del programa UPGRADE, recibir\u00e1 apoyo de ONU Turismo y entidades asociadas para continuar con mejoras que lo lleven a potenciarse como un destino del turismo rural, en donde se preserva la cultura, tradiciones y biodiversidad.<\/p>\n<p>El Mandatario reconoci\u00f3 que la parroquia lojana guarda una historia milenaria, que es conocida como un santuario de fe y cultura que convoca a miles de personas que cada a\u00f1o peregrinan por la Virgen de El Cisne: \u201cHoy llegamos aqu\u00ed con la oportunidad de acceder a un reconocimiento especial que nos llena de esperanza, nos reta a mejorar porque este trabajo pronto les abrir\u00e1 nuevas oportunidades\u201d.<\/p>\n<p>La iniciativa global Best Tourism Village reconoce a los destinos rurales y pueblos que se comprometen con fortalecer el turismo a trav\u00e9s de la innovaci\u00f3n, sostenibilidad econ\u00f3mica, social y ambiental, y generaci\u00f3n de oportunidades laborales.<\/p>\n<p>El ministro de Turismo, Niels Olsen, destac\u00f3 que la idea de que El Cisne sea parte del programa UPGRADE \u2014Best Tourism Villages\u2014 es destacar el \u201cesfuerzo, innovaci\u00f3n y dedicaci\u00f3n de la gente para el desarrollo de la parroquia, en la preservaci\u00f3n de la riqueza\u201d. Con esto, la parroquia pasa a ser parte de la lista de los mejores pueblos a visitar a nivel mundial.<\/p>\n<p>Diana Nagua Suin, pobladora de esta parroquia lojana, mencion\u00f3 que el certificado es una muestra de que el Nuevo Ecuador est\u00e1 comprometido con su comunidad: \u201cEl Cisne no solo es un lugar de belleza natural, sino un santuario de fe y devoci\u00f3n\u201d; por lo que el reconocimiento otorgado hoy es un hito para fortalecer el turismo religioso.<\/p>\n<p>Por eso, el presidente Noboa tambi\u00e9n insisti\u00f3 en que la gente de El Cisne ser\u00e1n ejemplo e inspiraci\u00f3n para que otros destinos se animen y comprometan a trabajar con esos mismos ejes que destacan su actividad tur\u00edstica: \u201cTodo esto tiene un solo significado: el progreso y desarrollo. Uno real, que se siente, se ve y que ustedes lo palpar\u00e1n en sus negocios y emprendimientos\u201d.<\/p>\n<p>En Ecuador, Oyacachi, Aguarico y Angochagua que ya est\u00e1n dentro del programa Best Tourism Villages y \u201cson la clara muestra de que el turismo es una fuente de empoderamiento, que promueve la inclusividad y distribuye beneficios para las comunidades\u201d, agreg\u00f3 Olsen.<\/p>\n<p>Al finalizar su visita a El Cisne el Jefe de Estado dijo que el gobierno impulsa a Loja como ejemplo de cultura, calidez y dignidad hacia el resto del mundo: \u201cHemos visto como Loja logra mantener su cultura, un est\u00e1ndar de vida, cooperaci\u00f3n y sostenibilidad como ejemplo a nivel global\u201d<\/p>\n","protected":false},"excerpt":{"rendered":"<p>El Cisne.- La parroquia El Cisne, ubicada en la provincia de Loja, desde esta ma\u00f1ana es parte del programa UPGRADE, que a su vez forma parte de la iniciativa Best Tourism Villages de ONU Turismo. El presidente de la Rep\u00fablica, Daniel Noboa Azin, visit\u00f3 la zona y lider\u00f3 la entrega de esta certificaci\u00f3n: \u201cQuiero agradecerles, [&hellip;]<\/p>\n","protected":false},"author":2,"featured_media":18395,"comment_status":"open","ping_status":"closed","sticky":false,"template":"","format":"standard","meta":{"_jetpack_memberships_contains_paid_content":false,"footnotes":""},"categories":[13],"tags":[1322],"class_list":["post-18394","post","type-post","status-publish","format-standard","has-post-thumbnail","hentry","category-noticias-nacionales","tag-presidente-daniel-noboa"],"jetpack_featured_media_url":"https:\/\/radiocresatelital.com\/wp-content\/uploads\/2024\/08\/53959343209_1f13393b9e_c.jpg","jetpack_sharing_enabled":true,"_links":{"self":[{"href":"https:\/\/radiocresatelital.com\/index.php?rest_route=\/wp\/v2\/posts\/18394","targetHints":{"allow":["GET"]}}],"collection":[{"href":"https:\/\/radiocresatelital.com\/index.php?rest_route=\/wp\/v2\/posts"}],"about":[{"href":"https:\/\/radiocresatelital.com\/index.php?rest_route=\/wp\/v2\/types\/post"}],"author":[{"embeddable":true,"href":"https:\/\/radiocresatelital.com\/index.php?rest_route=\/wp\/v2\/users\/2"}],"replies":[{"embeddable":true,"href":"https:\/\/radiocresatelital.com\/index.php?rest_route=%2Fwp%2Fv2%2Fcomments&post=18394"}],"version-history":[{"count":1,"href":"https:\/\/radiocresatelital.com\/index.php?rest_route=\/wp\/v2\/posts\/18394\/revisions"}],"predecessor-version":[{"id":18396,"href":"https:\/\/radiocresatelital.com\/index.php?rest_route=\/wp\/v2\/posts\/18394\/revisions\/18396"}],"wp:featuredmedia":[{"embeddable":true,"href":"https:\/\/radiocresatelital.com\/index.php?rest_route=\/wp\/v2\/media\/18395"}],"wp:attachment":[{"href":"https:\/\/radiocresatelital.com\/index.php?rest_route=%2Fwp%2Fv2%2Fmedia&parent=18394"}],"wp:term":[{"taxonomy":"category","embeddable":true,"href":"https:\/\/radiocresatelital.com\/index.php?rest_route=%2Fwp%2Fv2%2Fcategories&post=18394"},{"taxonomy":"post_tag","embeddable":true,"href":"https:\/\/radiocresatelital.com\/index.php?rest_route=%2Fwp%2Fv2%2Ftags&post=18394"}],"curies":[{"name":"wp","href":"https:\/\/api.w.org\/{rel}","templated":true}]}}