{"id":1834,"date":"2023-08-02T20:09:42","date_gmt":"2023-08-02T20:09:42","guid":{"rendered":"https:\/\/radiocresatelital.com\/?p=1834"},"modified":"2023-08-02T20:09:42","modified_gmt":"2023-08-02T20:09:42","slug":"el-sur-de-quito-tendra-una-universidad-publica-en-el-gobierno-de-yaku-perez","status":"publish","type":"post","link":"https:\/\/radiocresatelital.com\/?p=1834","title":{"rendered":"El sur de Quito tendr\u00e1 una universidad p\u00fablica en el Gobierno de Yaku P\u00e9rez"},"content":{"rendered":"<p>Quito.- El sue\u00f1o de los j\u00f3venes de acceder a una carrera universitaria y ser profesionales nunca m\u00e1s ser\u00e1 truncado por falta de acceso libre y gratuito a la educaci\u00f3n superior en el Gobierno de Yaku P\u00e9rez.<\/p>\n<p>El candidato a la presidencia de la Rep\u00fablica por la Alianza Claro que se Puede se comprometi\u00f3 este mi\u00e9rcoles a crear una universidad p\u00fablica en el sur de Quito y garantizar el libre acceso a la universidad y a la elecci\u00f3n de carreras. Seg\u00fan dijo, esta<br \/>\nser\u00e1 una forma de pagar la deuda hist\u00f3rica que se mantiene con este sector social.<\/p>\n<p>El anuncio caus\u00f3 algarab\u00eda en las centenas de j\u00f3venes que se dieron cita en los exteriores del Centro Cultural Metropolitano, en el centro hist\u00f3rico de la capital, para respaldar las propuestas del candidato.<\/p>\n<p>Para mejorar el acceso a la educaci\u00f3n p\u00fablica y privada, la propuesta es incrementar 100 mil cupos para la educaci\u00f3n superior, en universidades e institutos t\u00e9cnicos y tecnol\u00f3gicos. Adem\u00e1s de dotarles de infraestructura y equipamiento adecuados para una educaci\u00f3n de calidad.<\/p>\n<p>\u201cLes pido que no perdamos la fe y la esperanza. Por primera vez en la historia va a llegar alguien que viene del campo, pero con la superaci\u00f3n; hay que tener t\u00edtulos de cuarto nivel, pero nunca hay que perder la humildad. Ustedes van a ser los profesionales del futuro\u201d, dijo Yaku en medio del aplauso de los asistentes.<\/p>\n<p>Yaku tambi\u00e9n se refiri\u00f3 a su propuesta de que las pr\u00e1cticas preprofesionales sean pagadas al menos con un tercio del salario b\u00e1sico. Adem\u00e1s, se duplicar\u00e1 el porcentaje de primeros empleos en empresas p\u00fablicas y privadas, del 10% al 20%.<\/p>\n<p>Finalmente, se refiri\u00f3 a la condonaci\u00f3n de intereses de pr\u00e9stamos educativos adquiridos durante la pandemia para liberar de deudas a 60 mil ecuatorianos y ecuatorianas.<\/p>\n","protected":false},"excerpt":{"rendered":"<p>Quito.- El sue\u00f1o de los j\u00f3venes de acceder a una carrera universitaria y ser profesionales nunca m\u00e1s ser\u00e1 truncado por falta de acceso libre y gratuito a la educaci\u00f3n superior en el Gobierno de Yaku P\u00e9rez. El candidato a la presidencia de la Rep\u00fablica por la Alianza Claro que se Puede se comprometi\u00f3 este mi\u00e9rcoles [&hellip;]<\/p>\n","protected":false},"author":2,"featured_media":1835,"comment_status":"open","ping_status":"closed","sticky":false,"template":"","format":"standard","meta":{"_jetpack_memberships_contains_paid_content":false,"footnotes":""},"categories":[13],"tags":[305],"class_list":["post-1834","post","type-post","status-publish","format-standard","has-post-thumbnail","hentry","category-noticias-nacionales","tag-yaku-perez"],"jetpack_featured_media_url":"https:\/\/radiocresatelital.com\/wp-content\/uploads\/2023\/08\/56446353_303.jpeg","jetpack_sharing_enabled":true,"_links":{"self":[{"href":"https:\/\/radiocresatelital.com\/index.php?rest_route=\/wp\/v2\/posts\/1834","targetHints":{"allow":["GET"]}}],"collection":[{"href":"https:\/\/radiocresatelital.com\/index.php?rest_route=\/wp\/v2\/posts"}],"about":[{"href":"https:\/\/radiocresatelital.com\/index.php?rest_route=\/wp\/v2\/types\/post"}],"author":[{"embeddable":true,"href":"https:\/\/radiocresatelital.com\/index.php?rest_route=\/wp\/v2\/users\/2"}],"replies":[{"embeddable":true,"href":"https:\/\/radiocresatelital.com\/index.php?rest_route=%2Fwp%2Fv2%2Fcomments&post=1834"}],"version-history":[{"count":1,"href":"https:\/\/radiocresatelital.com\/index.php?rest_route=\/wp\/v2\/posts\/1834\/revisions"}],"predecessor-version":[{"id":1836,"href":"https:\/\/radiocresatelital.com\/index.php?rest_route=\/wp\/v2\/posts\/1834\/revisions\/1836"}],"wp:featuredmedia":[{"embeddable":true,"href":"https:\/\/radiocresatelital.com\/index.php?rest_route=\/wp\/v2\/media\/1835"}],"wp:attachment":[{"href":"https:\/\/radiocresatelital.com\/index.php?rest_route=%2Fwp%2Fv2%2Fmedia&parent=1834"}],"wp:term":[{"taxonomy":"category","embeddable":true,"href":"https:\/\/radiocresatelital.com\/index.php?rest_route=%2Fwp%2Fv2%2Fcategories&post=1834"},{"taxonomy":"post_tag","embeddable":true,"href":"https:\/\/radiocresatelital.com\/index.php?rest_route=%2Fwp%2Fv2%2Ftags&post=1834"}],"curies":[{"name":"wp","href":"https:\/\/api.w.org\/{rel}","templated":true}]}}