{"id":18273,"date":"2024-08-28T19:52:51","date_gmt":"2024-08-28T19:52:51","guid":{"rendered":"https:\/\/radiocresatelital.com\/?p=18273"},"modified":"2024-08-28T19:52:51","modified_gmt":"2024-08-28T19:52:51","slug":"gobernacion-del-guayas-lidera-operativo-de-control-del-orden-publico-tramitadores-y-comercio-informal","status":"publish","type":"post","link":"https:\/\/radiocresatelital.com\/?p=18273","title":{"rendered":"Gobernaci\u00f3n del Guayas lidera operativo de control del orden p\u00fablico, tramitadores y comercio informal"},"content":{"rendered":"<p>Guayaquil.- Nuevamente este 27 de agosto por disposici\u00f3n del Gobernador del Guayas, Vicente Auad, la Intendencia General de Polic\u00eda con el comisario Nacional del Distrito Modelo, Eduardo Matamoros Apolo, lider\u00f3 un operativo interinstitucional, para controlar el orden p\u00fablico y la seguridad en los exteriores del Gobierno Zonal, en la av. Francisco de Orellana.<\/p>\n<p>El objetivo, erradicar la presencia de enganchadores, tramitadores y vendedores ambulantes.<\/p>\n<p>En el primer caso, denuncias ciudadanas dan cuenta de la venta arbitraria de turnos para poder realizar la emisi\u00f3n de documentos.<\/p>\n<p>Importante aclarar que todo tr\u00e1mite es gratuito, y los turnos en el Registro Civil como en Canciller\u00eda se generan v\u00eda online. Estos ciudadanos fueron retirados del \u00e1rea, como bien lo indica el comisario Matamoros.<\/p>\n<p>Adem\u00e1s, se procedi\u00f3 al retiro de puestos informales de venta de comida y vendedores ambulantes, que obstaculizaban el espacio p\u00fablico. La Gobernaci\u00f3n del Guayas reitera su compromiso con la seguridad,<br \/>\nlegalidad y el orden p\u00fablico, y seguir\u00e1 trabajando para garantizar un entorno seguro para los ciudadanos.<\/p>\n<p>\u201cSeguiremos trabajando para garantizar la seguridad y el orden p\u00fablico en nuestra provincia, y proteger a nuestros ciudadanos de estafas y abusos\u00bb, record\u00f3 la autoridad provincial.<\/p>\n<p>El operativo cont\u00f3 con la participaci\u00f3n de personal de la Justicia y Vigilancia de la Municipalidad de Guayaquil, Registro Civil, Polic\u00eda Nacional<\/p>\n","protected":false},"excerpt":{"rendered":"<p>Guayaquil.- Nuevamente este 27 de agosto por disposici\u00f3n del Gobernador del Guayas, Vicente Auad, la Intendencia General de Polic\u00eda con el comisario Nacional del Distrito Modelo, Eduardo Matamoros Apolo, lider\u00f3 un operativo interinstitucional, para controlar el orden p\u00fablico y la seguridad en los exteriores del Gobierno Zonal, en la av. Francisco de Orellana. El objetivo, [&hellip;]<\/p>\n","protected":false},"author":2,"featured_media":18274,"comment_status":"open","ping_status":"closed","sticky":false,"template":"","format":"standard","meta":{"_jetpack_memberships_contains_paid_content":false,"footnotes":""},"categories":[13],"tags":[1370,2212],"class_list":["post-18273","post","type-post","status-publish","format-standard","has-post-thumbnail","hentry","category-noticias-nacionales","tag-gobernador-del-guayas","tag-vicente-auad"],"jetpack_featured_media_url":"https:\/\/radiocresatelital.com\/wp-content\/uploads\/2024\/08\/WhatsApp-Image-2024-08-28-at-14.32.42.jpeg","jetpack_sharing_enabled":true,"_links":{"self":[{"href":"https:\/\/radiocresatelital.com\/index.php?rest_route=\/wp\/v2\/posts\/18273","targetHints":{"allow":["GET"]}}],"collection":[{"href":"https:\/\/radiocresatelital.com\/index.php?rest_route=\/wp\/v2\/posts"}],"about":[{"href":"https:\/\/radiocresatelital.com\/index.php?rest_route=\/wp\/v2\/types\/post"}],"author":[{"embeddable":true,"href":"https:\/\/radiocresatelital.com\/index.php?rest_route=\/wp\/v2\/users\/2"}],"replies":[{"embeddable":true,"href":"https:\/\/radiocresatelital.com\/index.php?rest_route=%2Fwp%2Fv2%2Fcomments&post=18273"}],"version-history":[{"count":1,"href":"https:\/\/radiocresatelital.com\/index.php?rest_route=\/wp\/v2\/posts\/18273\/revisions"}],"predecessor-version":[{"id":18275,"href":"https:\/\/radiocresatelital.com\/index.php?rest_route=\/wp\/v2\/posts\/18273\/revisions\/18275"}],"wp:featuredmedia":[{"embeddable":true,"href":"https:\/\/radiocresatelital.com\/index.php?rest_route=\/wp\/v2\/media\/18274"}],"wp:attachment":[{"href":"https:\/\/radiocresatelital.com\/index.php?rest_route=%2Fwp%2Fv2%2Fmedia&parent=18273"}],"wp:term":[{"taxonomy":"category","embeddable":true,"href":"https:\/\/radiocresatelital.com\/index.php?rest_route=%2Fwp%2Fv2%2Fcategories&post=18273"},{"taxonomy":"post_tag","embeddable":true,"href":"https:\/\/radiocresatelital.com\/index.php?rest_route=%2Fwp%2Fv2%2Ftags&post=18273"}],"curies":[{"name":"wp","href":"https:\/\/api.w.org\/{rel}","templated":true}]}}