{"id":18258,"date":"2024-08-27T16:35:54","date_gmt":"2024-08-27T16:35:54","guid":{"rendered":"https:\/\/radiocresatelital.com\/?p=18258"},"modified":"2024-08-27T16:35:54","modified_gmt":"2024-08-27T16:35:54","slug":"diana-salazar-recibe-respaldo-de-la-fisalia-italiana","status":"publish","type":"post","link":"https:\/\/radiocresatelital.com\/?p=18258","title":{"rendered":"Diana Salazar recibe respaldo de la Fisal\u00eda Italiana"},"content":{"rendered":"<div>Quito.- La Fiscal General del Estado, Dra. Diana Salazar, recibi\u00f3 la visita protocolar de Giovanni Tartaglia, Fiscal de la Uni\u00f3n Europea y de Giovanni Davoli, embajador de Italia, quienes le hicieron la entrega formal de una invitacion para reunirse con el Fiscal Italiana Antimafia Giovanni Melillo.<\/div>\n<div><\/div>\n<div>Adem\u00e1s, los delegados de la Uni\u00f3n Europea expresaron el claro apoyo por parte del Fiscal General de Italia, en su lucha contra la corrupci\u00f3n y la delincuencia organizada.<\/div>\n<div><\/div>\n<div>Por su parte, la Fiscal Salazar, destac\u00f3 la importancia del respaldo internacional a la labor que realiza en favor de los objetivos de la Instituci\u00f3n.<\/div>\n","protected":false},"excerpt":{"rendered":"<p>Quito.- La Fiscal General del Estado, Dra. Diana Salazar, recibi\u00f3 la visita protocolar de Giovanni Tartaglia, Fiscal de la Uni\u00f3n Europea y de Giovanni Davoli, embajador de Italia, quienes le hicieron la entrega formal de una invitacion para reunirse con el Fiscal Italiana Antimafia Giovanni Melillo. Adem\u00e1s, los delegados de la Uni\u00f3n Europea expresaron el [&hellip;]<\/p>\n","protected":false},"author":3,"featured_media":18260,"comment_status":"open","ping_status":"closed","sticky":false,"template":"","format":"standard","meta":{"_jetpack_memberships_contains_paid_content":false,"footnotes":""},"categories":[13],"tags":[2298],"class_list":["post-18258","post","type-post","status-publish","format-standard","has-post-thumbnail","hentry","category-noticias-nacionales","tag-dianasalazar"],"jetpack_featured_media_url":"https:\/\/radiocresatelital.com\/wp-content\/uploads\/2024\/08\/diana-salazar-con-ue.jpg","jetpack_sharing_enabled":true,"_links":{"self":[{"href":"https:\/\/radiocresatelital.com\/index.php?rest_route=\/wp\/v2\/posts\/18258","targetHints":{"allow":["GET"]}}],"collection":[{"href":"https:\/\/radiocresatelital.com\/index.php?rest_route=\/wp\/v2\/posts"}],"about":[{"href":"https:\/\/radiocresatelital.com\/index.php?rest_route=\/wp\/v2\/types\/post"}],"author":[{"embeddable":true,"href":"https:\/\/radiocresatelital.com\/index.php?rest_route=\/wp\/v2\/users\/3"}],"replies":[{"embeddable":true,"href":"https:\/\/radiocresatelital.com\/index.php?rest_route=%2Fwp%2Fv2%2Fcomments&post=18258"}],"version-history":[{"count":1,"href":"https:\/\/radiocresatelital.com\/index.php?rest_route=\/wp\/v2\/posts\/18258\/revisions"}],"predecessor-version":[{"id":18261,"href":"https:\/\/radiocresatelital.com\/index.php?rest_route=\/wp\/v2\/posts\/18258\/revisions\/18261"}],"wp:featuredmedia":[{"embeddable":true,"href":"https:\/\/radiocresatelital.com\/index.php?rest_route=\/wp\/v2\/media\/18260"}],"wp:attachment":[{"href":"https:\/\/radiocresatelital.com\/index.php?rest_route=%2Fwp%2Fv2%2Fmedia&parent=18258"}],"wp:term":[{"taxonomy":"category","embeddable":true,"href":"https:\/\/radiocresatelital.com\/index.php?rest_route=%2Fwp%2Fv2%2Fcategories&post=18258"},{"taxonomy":"post_tag","embeddable":true,"href":"https:\/\/radiocresatelital.com\/index.php?rest_route=%2Fwp%2Fv2%2Ftags&post=18258"}],"curies":[{"name":"wp","href":"https:\/\/api.w.org\/{rel}","templated":true}]}}