{"id":18242,"date":"2024-08-26T18:54:56","date_gmt":"2024-08-26T18:54:56","guid":{"rendered":"https:\/\/radiocresatelital.com\/?p=18242"},"modified":"2024-08-26T20:59:31","modified_gmt":"2024-08-26T20:59:31","slug":"uber-green-llega-a-ecuador-para-acelerar-la-movilidad-sostenible-con-vehiculos-electricos","status":"publish","type":"post","link":"https:\/\/radiocresatelital.com\/?p=18242","title":{"rendered":"Uber Green llega a Ecuador para acelerar la movilidad sostenible con veh\u00edculos el\u00e9ctricos"},"content":{"rendered":"<p>Quito.- Uber anunci\u00f3 el lanzamiento de Uber Green en Quito, nueva opci\u00f3n de movilidad el\u00e9ctrica que permite a los usuarios solicitar viajes en veh\u00edculos 100% el\u00e9ctricos. Quito es la primera ciudad en la regi\u00f3n Andina que cuenta con esta opci\u00f3n de movilidad. A nivel global, Uber Green est\u00e1 disponible en 100 ciudades y 13 pa\u00edses como Costa Rica y Chile, en Latinoam\u00e9rica.<\/p>\n<p><em>\u201cEn Uber, estamos comprometidos a ser la plataforma de movilidad m\u00e1s limpia del planeta, con el objetivo de lograr el 100% de viajes sin emisiones para 2040. En Ecuador, estamos avanzando hacia esta meta global con iniciativas locales que refuerzan nuestro compromiso con un futuro sostenible\u201d <\/em><strong>afirm\u00f3 Cesar Molina, Gerente General de Uber para Ecuador y Per\u00fa.<\/strong><\/p>\n<p>Seg\u00fan el Plan Maestro de Movilidad Sostenible de Quito, la meta de la ciudad es reducir en un 75% las emisiones del sector transporte para el a\u00f1o 2042, como parte del avance hacia la neutralidad clim\u00e1tica. La meta de Uber es contribuir a ese objetivo y seguir desarrollando innovaciones amigables con el planeta, que sumen a su objetivo de ser una app Carbono Neutro en 2040 a nivel mundial.<\/p>\n<p>De hecho, con Uber Green se han integrado m\u00e1s de 50 veh\u00edculos el\u00e9ctricos a la aplicaci\u00f3n, sumados a una flota de aproximadamente 100 veh\u00edculos el\u00e9ctricos de socios conductores, quienes podr\u00e1n recibir solicitudes de viaje en \u00e1reas clave de Quito, incluyendo el Centro Hist\u00f3rico, la Zona Norte y el Aeropuerto Internacional Mariscal Sucre. Esto aporta una alternativa s\u00f3lida y variada para los usuarios, consolidando a Uber Green como una opci\u00f3n l\u00edder en movilidad sostenible.<\/p>\n<p>Ante esto, Silvia Rojas, presidenta de la Asociaci\u00f3n Latinoamericana de Movilidad Sostenible (ALAMOS), enfatiz\u00f3 sobre la importancia de opciones como Uber Green para la expansi\u00f3n de la movilidad el\u00e9ctrica en Ecuador. \u00abUber Green representa un avance crucial hacia una movilidad el\u00e9ctrica accesible en el pa\u00eds. En ALAMOS nos emociona que compa\u00f1\u00edas como Uber ofrezcan alternativas que promuevan una movilidad cero emisiones para los usuarios y hagan m\u00e1s accesible el cambio hacia veh\u00edculos el\u00e9ctricos para los socios colaboradores\u201d, apunt\u00f3.<\/p>\n<p>Uber Green representa un avance significativo hacia la sostenibilidad ambiental, aportando beneficios tanto para los usuarios como para los socios conductores. \u201cLos usuarios pueden disfrutar de viajes en veh\u00edculos m\u00e1s nuevos, silenciosos y con menos impacto ambiental. Por otro lado, los socios conductores con veh\u00edculos el\u00e9ctricos podr\u00e1n aprovechar de una tasa preferencial y una reducci\u00f3n en la tarifa de servicio, lo que incrementa sus ganancias adicionales.\u201d, asegur\u00f3 Molina.<strong>\u00a0<\/strong><\/p>\n<p>Para solicitar un viaje con Uber Green, los usuarios deben seguir estos pasos:<\/p>\n<ul>\n<li>Abrir la aplicaci\u00f3n de Uber.<\/li>\n<li>Elegir el destino deseado.<\/li>\n<li>Seleccionar la opci\u00f3n Uber Green.<\/li>\n<li>Corroborar el precio final por adelantado.<\/li>\n<li>Confirmar el viaje.<\/li>\n<\/ul>\n<p>\u00abLa tecnolog\u00eda es clave en la lucha contra el cambio clim\u00e1tico. En Ecuador, estamos avanzando hacia un futuro m\u00e1s verde con innovaciones que apoyan nuestra movilidad sostenible. Invitamos a todos a experimentar Uber Green y unirse a nosotros en este camino hacia una movilidad m\u00e1s limpia,\u00bb finaliz\u00f3 Molina.<\/p>\n","protected":false},"excerpt":{"rendered":"<p>Quito.- Uber anunci\u00f3 el lanzamiento de Uber Green en Quito, nueva opci\u00f3n de movilidad el\u00e9ctrica que permite a los usuarios solicitar viajes en veh\u00edculos 100% el\u00e9ctricos. Quito es la primera ciudad en la regi\u00f3n Andina que cuenta con esta opci\u00f3n de movilidad. A nivel global, Uber Green est\u00e1 disponible en 100 ciudades y 13 pa\u00edses [&hellip;]<\/p>\n","protected":false},"author":2,"featured_media":18243,"comment_status":"open","ping_status":"closed","sticky":false,"template":"","format":"standard","meta":{"_jetpack_memberships_contains_paid_content":false,"footnotes":""},"categories":[13],"tags":[2902],"class_list":["post-18242","post","type-post","status-publish","format-standard","has-post-thumbnail","hentry","category-noticias-nacionales","tag-uber-green"],"jetpack_featured_media_url":"https:\/\/radiocresatelital.com\/wp-content\/uploads\/2024\/08\/Uber-Green.png","jetpack_sharing_enabled":true,"_links":{"self":[{"href":"https:\/\/radiocresatelital.com\/index.php?rest_route=\/wp\/v2\/posts\/18242","targetHints":{"allow":["GET"]}}],"collection":[{"href":"https:\/\/radiocresatelital.com\/index.php?rest_route=\/wp\/v2\/posts"}],"about":[{"href":"https:\/\/radiocresatelital.com\/index.php?rest_route=\/wp\/v2\/types\/post"}],"author":[{"embeddable":true,"href":"https:\/\/radiocresatelital.com\/index.php?rest_route=\/wp\/v2\/users\/2"}],"replies":[{"embeddable":true,"href":"https:\/\/radiocresatelital.com\/index.php?rest_route=%2Fwp%2Fv2%2Fcomments&post=18242"}],"version-history":[{"count":1,"href":"https:\/\/radiocresatelital.com\/index.php?rest_route=\/wp\/v2\/posts\/18242\/revisions"}],"predecessor-version":[{"id":18244,"href":"https:\/\/radiocresatelital.com\/index.php?rest_route=\/wp\/v2\/posts\/18242\/revisions\/18244"}],"wp:featuredmedia":[{"embeddable":true,"href":"https:\/\/radiocresatelital.com\/index.php?rest_route=\/wp\/v2\/media\/18243"}],"wp:attachment":[{"href":"https:\/\/radiocresatelital.com\/index.php?rest_route=%2Fwp%2Fv2%2Fmedia&parent=18242"}],"wp:term":[{"taxonomy":"category","embeddable":true,"href":"https:\/\/radiocresatelital.com\/index.php?rest_route=%2Fwp%2Fv2%2Fcategories&post=18242"},{"taxonomy":"post_tag","embeddable":true,"href":"https:\/\/radiocresatelital.com\/index.php?rest_route=%2Fwp%2Fv2%2Ftags&post=18242"}],"curies":[{"name":"wp","href":"https:\/\/api.w.org\/{rel}","templated":true}]}}