{"id":18221,"date":"2024-08-26T20:14:55","date_gmt":"2024-08-26T20:14:55","guid":{"rendered":"https:\/\/radiocresatelital.com\/?p=18221"},"modified":"2024-08-26T20:14:55","modified_gmt":"2024-08-26T20:14:55","slug":"presidente-daniel-noboa-impulsa-la-educacion-superior-con-nueva-infraestructura-en-la-universidad-tecnica-de-manabi","status":"publish","type":"post","link":"https:\/\/radiocresatelital.com\/?p=18221","title":{"rendered":"Presidente Daniel Noboa impulsa la educaci\u00f3n superior con nueva infraestructura en la Universidad T\u00e9cnica de Manab\u00ed"},"content":{"rendered":"<p>Portoviejo,.- Este 26 de agosto, el presidente Daniel Noboa Azin visit\u00f3 la Universidad T\u00e9cnica de Manab\u00ed (UTM) en el cant\u00f3n manabita Portoviejo. El prop\u00f3sito fue constatar y recorrer personalmente la obra en curso del edificio de la Facultad de Posgrado; y supervisar el inicio de la construcci\u00f3n del nuevo edificio de la Facultad de Ciencias B\u00e1sicas. Estos proyectos de infraestructura incrementar\u00e1n la capacidad educativa y de investigaci\u00f3n de la instituci\u00f3n, contribuyendo con el objetivo de fortalecer la educaci\u00f3n superior del pa\u00eds.<\/p>\n<p>\u201cCumplimos con el financiamiento a las universidades, para que puedan ejecutar obras como estas, que son mucho m\u00e1s que eso: son el espacio, donde se formar\u00e1n profesionales que en un futuro tomar\u00e1n el liderazgo de nuestro pa\u00eds\u201d, asever\u00f3 el Mandatario; pues la inversi\u00f3n en infraestructura educativa en el Nuevo Ecuador no solo es una apuesta por el conocimiento, sino tambi\u00e9n por el progreso social.<\/p>\n<p>Para la construcci\u00f3n de la Facultad de Ciencias B\u00e1sicas (FCB) se destin\u00f3 alrededor de USD 2.2 millones. Esta infraestructura ser\u00e1 sismorresistente y estar\u00e1 dise\u00f1ada para ser inclusiva y adaptarse a las necesidades de toda la comunidad. Contar\u00e1 con ambientes para aulas, oficinas, laboratorios, cafeter\u00eda, entre otros espacios; y con tecnolog\u00eda de \u00faltima generaci\u00f3n para garantizar una experiencia educativa din\u00e1mica e interconectada.<\/p>\n<p>Melany Bazurto, representante estudiantil de la FCB, se refiri\u00f3 a esta nueva edificaci\u00f3n, se\u00f1alando que \u201cla colocaci\u00f3n de la primera piedra no es s\u00f3lo un acto simb\u00f3lico, sino que es el inicio de un sue\u00f1o compartido para quienes formamos parte de las carreras de Qu\u00edmica, F\u00edsica, Matem\u00e1ticas Aplicadas y Estad\u00edstica\u201d. Por ello, expres\u00f3 su gratitud a la gesti\u00f3n gubernamental.<\/p>\n<p>Por otro lado, para la obra en curso del edificio de la Facultad de Posgrado que recorri\u00f3 el Presidente, el Estado destin\u00f3 m\u00e1s de USD 2,1 millones y se prev\u00e9 que concluya en el primer trimestre del 2025, actualmente cuenta con un avance de m\u00e1s del 42 %. Ambas obras beneficiar\u00e1n directa e indirectamente a un total de 40.000 estudiantes de la UTM, adem\u00e1s del personal administrativo y docentes.<\/p>\n<p>Durante su intervenci\u00f3n, C\u00e9sar V\u00e1squez, titular de la Secretar\u00eda de Educaci\u00f3n Superior, Ciencia, Tecnolog\u00eda e Innovaci\u00f3n (Senescyt), record\u00f3 el compromiso del Nuevo Ecuador con la educaci\u00f3n superior que se cristaliza con estos proyectos. Subray\u00f3 que esta administraci\u00f3n, con un adecuado uso del presupuesto, destin\u00f3 \u201cm\u00e1s de USD 1.300 millones para las universidades y escuelas polit\u00e9cnicas p\u00fablicas del pa\u00eds. Eso permite hoy que las autoridades de las instituciones entreguen este tipo de espacios\u201d.<\/p>\n<p>Estas acciones, adem\u00e1s, de ser un paso m\u00e1s hacia la construcci\u00f3n de un pa\u00eds donde todos tengan acceso a una educaci\u00f3n de calidad, generan plazas laborales. \u201cSe da empleo a la comunidad, a la gente de Manab\u00ed (\u2026). No solo es el producto final lo que genera el progreso, es la misma construcci\u00f3n lo que genera la oportunidad de un trabajo. Y, seguramente los hijos de los trabajadores en un futuro cercano podr\u00e1n aprovechar este campus\u201d, dijo el Jefe de Estado. La construcci\u00f3n de cada una de las infraestructuras generar\u00e1 100 plazas de empleo para profesionales t\u00e9cnicos, obreros y proveedores.<\/p>\n<p>Para Noboa \u201cun pa\u00eds fuerte, equitativo y competitivo empieza por darle a los j\u00f3venes las herramientas para crecer\u201d. En ese sentido, se\u00f1al\u00f3 que, \u201cdesde el inicio de mi gobierno hemos entregado m\u00e1s de 100.000 becas. Y de ellas m\u00e1s de 80.000 han sido para mujeres\u201d.<\/p>\n","protected":false},"excerpt":{"rendered":"<p>Portoviejo,.- Este 26 de agosto, el presidente Daniel Noboa Azin visit\u00f3 la Universidad T\u00e9cnica de Manab\u00ed (UTM) en el cant\u00f3n manabita Portoviejo. El prop\u00f3sito fue constatar y recorrer personalmente la obra en curso del edificio de la Facultad de Posgrado; y supervisar el inicio de la construcci\u00f3n del nuevo edificio de la Facultad de Ciencias [&hellip;]<\/p>\n","protected":false},"author":2,"featured_media":18222,"comment_status":"open","ping_status":"closed","sticky":false,"template":"","format":"standard","meta":{"_jetpack_memberships_contains_paid_content":false,"footnotes":""},"categories":[13],"tags":[1322],"class_list":["post-18221","post","type-post","status-publish","format-standard","has-post-thumbnail","hentry","category-noticias-nacionales","tag-presidente-daniel-noboa"],"jetpack_featured_media_url":"https:\/\/radiocresatelital.com\/wp-content\/uploads\/2024\/08\/53948748722_d099a38172_c.jpg","jetpack_sharing_enabled":true,"_links":{"self":[{"href":"https:\/\/radiocresatelital.com\/index.php?rest_route=\/wp\/v2\/posts\/18221","targetHints":{"allow":["GET"]}}],"collection":[{"href":"https:\/\/radiocresatelital.com\/index.php?rest_route=\/wp\/v2\/posts"}],"about":[{"href":"https:\/\/radiocresatelital.com\/index.php?rest_route=\/wp\/v2\/types\/post"}],"author":[{"embeddable":true,"href":"https:\/\/radiocresatelital.com\/index.php?rest_route=\/wp\/v2\/users\/2"}],"replies":[{"embeddable":true,"href":"https:\/\/radiocresatelital.com\/index.php?rest_route=%2Fwp%2Fv2%2Fcomments&post=18221"}],"version-history":[{"count":1,"href":"https:\/\/radiocresatelital.com\/index.php?rest_route=\/wp\/v2\/posts\/18221\/revisions"}],"predecessor-version":[{"id":18223,"href":"https:\/\/radiocresatelital.com\/index.php?rest_route=\/wp\/v2\/posts\/18221\/revisions\/18223"}],"wp:featuredmedia":[{"embeddable":true,"href":"https:\/\/radiocresatelital.com\/index.php?rest_route=\/wp\/v2\/media\/18222"}],"wp:attachment":[{"href":"https:\/\/radiocresatelital.com\/index.php?rest_route=%2Fwp%2Fv2%2Fmedia&parent=18221"}],"wp:term":[{"taxonomy":"category","embeddable":true,"href":"https:\/\/radiocresatelital.com\/index.php?rest_route=%2Fwp%2Fv2%2Fcategories&post=18221"},{"taxonomy":"post_tag","embeddable":true,"href":"https:\/\/radiocresatelital.com\/index.php?rest_route=%2Fwp%2Fv2%2Ftags&post=18221"}],"curies":[{"name":"wp","href":"https:\/\/api.w.org\/{rel}","templated":true}]}}