{"id":18215,"date":"2024-08-26T16:34:14","date_gmt":"2024-08-26T16:34:14","guid":{"rendered":"https:\/\/radiocresatelital.com\/?p=18215"},"modified":"2024-08-26T16:34:14","modified_gmt":"2024-08-26T16:34:14","slug":"topic-inscribe-su-candidatura","status":"publish","type":"post","link":"https:\/\/radiocresatelital.com\/?p=18215","title":{"rendered":"Topic inscribe su candidatura"},"content":{"rendered":"<p><span class=\"css-1jxf684 r-bcqeeo r-1ttztb7 r-qvutc0 r-poiln3\">Quito.- Esta ma\u00f1ana, Jan Topic, candidato a la presidencia de la Rep\u00fablica por el movimiento SUMA, lleg\u00f3 hasta el Consejo Nacional Electoral a bordo de una moto, para hacer efectiva su participaci\u00f3n en la siguiente elecci\u00f3n presidencial. <\/span><\/p>\n<p><span class=\"css-1jxf684 r-bcqeeo r-1ttztb7 r-qvutc0 r-poiln3\">Topic, quien particip\u00f3 en las elecciones de hace un a\u00f1o atr\u00e1s, hab\u00eda manifestado que se iba a retirar por alg\u00fan tiempo de la pol\u00edtica, sin embargo, permaneci\u00f3 activo como sujeto de opini\u00f3n ante los hechos diarios, sobre todo en el \u00e1mbito de la seguridad, lo que lo motiv\u00f3 a volver a participar.<\/span><\/p>\n<p><span class=\"css-1jxf684 r-bcqeeo r-1ttztb7 r-qvutc0 r-poiln3\">Ayer, el empresario Jan <\/span><span class=\"css-1jxf684 r-bcqeeo r-1ttztb7 r-qvutc0 r-poiln3 r-b88u0q\">Topic,<\/span><span class=\"css-1jxf684 r-bcqeeo r-1ttztb7 r-qvutc0 r-poiln3\"> present\u00f3 a varias personas que ser\u00e1n parte de su equipo de trabajo; tanto en la campa\u00f1a como en caso de llegar a la presidencia, entre ellos: Connie Jim\u00e9nez, Pedro Freile y Romina Zeballos.<\/span><\/p>\n","protected":false},"excerpt":{"rendered":"<p>Quito.- Esta ma\u00f1ana, Jan Topic, candidato a la presidencia de la Rep\u00fablica por el movimiento SUMA, lleg\u00f3 hasta el Consejo Nacional Electoral a bordo de una moto, para hacer efectiva su participaci\u00f3n en la siguiente elecci\u00f3n presidencial. Topic, quien particip\u00f3 en las elecciones de hace un a\u00f1o atr\u00e1s, hab\u00eda manifestado que se iba a retirar [&hellip;]<\/p>\n","protected":false},"author":3,"featured_media":2519,"comment_status":"open","ping_status":"closed","sticky":false,"template":"","format":"standard","meta":{"_jetpack_memberships_contains_paid_content":false,"footnotes":""},"categories":[13],"tags":[2497],"class_list":["post-18215","post","type-post","status-publish","format-standard","has-post-thumbnail","hentry","category-noticias-nacionales","tag-jantopic"],"jetpack_featured_media_url":"https:\/\/radiocresatelital.com\/wp-content\/uploads\/2023\/08\/jan_topic_destacada.jpg","jetpack_sharing_enabled":true,"_links":{"self":[{"href":"https:\/\/radiocresatelital.com\/index.php?rest_route=\/wp\/v2\/posts\/18215","targetHints":{"allow":["GET"]}}],"collection":[{"href":"https:\/\/radiocresatelital.com\/index.php?rest_route=\/wp\/v2\/posts"}],"about":[{"href":"https:\/\/radiocresatelital.com\/index.php?rest_route=\/wp\/v2\/types\/post"}],"author":[{"embeddable":true,"href":"https:\/\/radiocresatelital.com\/index.php?rest_route=\/wp\/v2\/users\/3"}],"replies":[{"embeddable":true,"href":"https:\/\/radiocresatelital.com\/index.php?rest_route=%2Fwp%2Fv2%2Fcomments&post=18215"}],"version-history":[{"count":1,"href":"https:\/\/radiocresatelital.com\/index.php?rest_route=\/wp\/v2\/posts\/18215\/revisions"}],"predecessor-version":[{"id":18216,"href":"https:\/\/radiocresatelital.com\/index.php?rest_route=\/wp\/v2\/posts\/18215\/revisions\/18216"}],"wp:featuredmedia":[{"embeddable":true,"href":"https:\/\/radiocresatelital.com\/index.php?rest_route=\/wp\/v2\/media\/2519"}],"wp:attachment":[{"href":"https:\/\/radiocresatelital.com\/index.php?rest_route=%2Fwp%2Fv2%2Fmedia&parent=18215"}],"wp:term":[{"taxonomy":"category","embeddable":true,"href":"https:\/\/radiocresatelital.com\/index.php?rest_route=%2Fwp%2Fv2%2Fcategories&post=18215"},{"taxonomy":"post_tag","embeddable":true,"href":"https:\/\/radiocresatelital.com\/index.php?rest_route=%2Fwp%2Fv2%2Ftags&post=18215"}],"curies":[{"name":"wp","href":"https:\/\/api.w.org\/{rel}","templated":true}]}}