{"id":18212,"date":"2024-08-26T16:14:26","date_gmt":"2024-08-26T16:14:26","guid":{"rendered":"https:\/\/radiocresatelital.com\/?p=18212"},"modified":"2024-08-26T16:14:26","modified_gmt":"2024-08-26T16:14:26","slug":"daniel-noboa-hace-realidad-el-uso-progresivo-de-la-fuerza","status":"publish","type":"post","link":"https:\/\/radiocresatelital.com\/?p=18212","title":{"rendered":"Daniel Noboa, hace realidad el uso progresivo de la fuerza"},"content":{"rendered":"<p><span class=\"css-1jxf684 r-bcqeeo r-1ttztb7 r-qvutc0 r-poiln3\">Quito.- El primer mandatario, Daniel Noboa, hizo realidad lo que hasta el momento era letra muerta: El uso progresivo de la fuerza. Procedimiento que no se pod\u00eda ejecutar porque faltaba el reglamento para hacerlo.\u00a0<\/span><\/p>\n<p><span class=\"css-1jxf684 r-bcqeeo r-1ttztb7 r-qvutc0 r-poiln3\">Ante la escalada incontrolable de la delincuencia, Noboa ha decretado un control que incluye el uso de la fuerza, es decir, la utilizaci\u00f3n de armas letales en caso de ser necesario en contra de grupos terroristas y de la delincuencia organizada. <\/span><\/p>\n<p><span class=\"css-1jxf684 r-bcqeeo r-1ttztb7 r-qvutc0 r-poiln3\">\u00a0Tanto, l<\/span><span class=\"css-1jxf684 r-bcqeeo r-1ttztb7 r-qvutc0 r-poiln3\">a Polic\u00eda Nacional como las FF.AA. podr\u00e1n usar armas de fuego con munici\u00f3n letal o de impacto cin\u00e9tico en los siguientes casos: <\/span><span class=\"css-1jxf684 r-bcqeeo r-1ttztb7 r-qvutc0 r-poiln3\">\u00a0<\/span><\/p>\n<ul>\n<li><span class=\"css-1jxf684 r-bcqeeo r-1ttztb7 r-qvutc0 r-poiln3\">En defensa propia o de otras personas, en cumplimiento del deber legal, en caso de amenaza o peligro inminente de muerte o lesiones graves. <\/span><span class=\"css-1jxf684 r-bcqeeo r-1ttztb7 r-qvutc0 r-poiln3\">\u00a0<\/span><\/li>\n<li><span class=\"css-1jxf684 r-bcqeeo r-1ttztb7 r-qvutc0 r-poiln3\">Con el prop\u00f3sito de evitar la comisi\u00f3n de un delito o una situaci\u00f3n que entra\u00f1e una amenaza o peligro inminente de muerte o lesiones graves. <\/span><span class=\"css-1jxf684 r-bcqeeo r-1ttztb7 r-qvutc0 r-poiln3\">\u00a0<\/span><\/li>\n<li><span class=\"css-1jxf684 r-bcqeeo r-1ttztb7 r-qvutc0 r-poiln3\">Detener a una persona que represente una amenaza o peligro inminente de lesiones graves y oponga resistencia a la autoridad. <\/span><span class=\"css-1jxf684 r-bcqeeo r-1ttztb7 r-qvutc0 r-poiln3\">\u00a0<\/span><\/li>\n<li><span class=\"css-1jxf684 r-bcqeeo r-1ttztb7 r-qvutc0 r-poiln3\">Impedir la evasi\u00f3n o fuga de una persona que representa una amenaza o peligro inminente.<\/span><\/li>\n<\/ul>\n","protected":false},"excerpt":{"rendered":"<p>Quito.- El primer mandatario, Daniel Noboa, hizo realidad lo que hasta el momento era letra muerta: El uso progresivo de la fuerza. Procedimiento que no se pod\u00eda ejecutar porque faltaba el reglamento para hacerlo.\u00a0 Ante la escalada incontrolable de la delincuencia, Noboa ha decretado un control que incluye el uso de la fuerza, es decir, [&hellip;]<\/p>\n","protected":false},"author":3,"featured_media":18213,"comment_status":"open","ping_status":"closed","sticky":false,"template":"","format":"standard","meta":{"_jetpack_memberships_contains_paid_content":false,"footnotes":""},"categories":[13],"tags":[2900],"class_list":["post-18212","post","type-post","status-publish","format-standard","has-post-thumbnail","hentry","category-noticias-nacionales","tag-usoprogresivodefuerza"],"jetpack_featured_media_url":"https:\/\/radiocresatelital.com\/wp-content\/uploads\/2024\/08\/noboa-presidente.jpg","jetpack_sharing_enabled":true,"_links":{"self":[{"href":"https:\/\/radiocresatelital.com\/index.php?rest_route=\/wp\/v2\/posts\/18212","targetHints":{"allow":["GET"]}}],"collection":[{"href":"https:\/\/radiocresatelital.com\/index.php?rest_route=\/wp\/v2\/posts"}],"about":[{"href":"https:\/\/radiocresatelital.com\/index.php?rest_route=\/wp\/v2\/types\/post"}],"author":[{"embeddable":true,"href":"https:\/\/radiocresatelital.com\/index.php?rest_route=\/wp\/v2\/users\/3"}],"replies":[{"embeddable":true,"href":"https:\/\/radiocresatelital.com\/index.php?rest_route=%2Fwp%2Fv2%2Fcomments&post=18212"}],"version-history":[{"count":1,"href":"https:\/\/radiocresatelital.com\/index.php?rest_route=\/wp\/v2\/posts\/18212\/revisions"}],"predecessor-version":[{"id":18214,"href":"https:\/\/radiocresatelital.com\/index.php?rest_route=\/wp\/v2\/posts\/18212\/revisions\/18214"}],"wp:featuredmedia":[{"embeddable":true,"href":"https:\/\/radiocresatelital.com\/index.php?rest_route=\/wp\/v2\/media\/18213"}],"wp:attachment":[{"href":"https:\/\/radiocresatelital.com\/index.php?rest_route=%2Fwp%2Fv2%2Fmedia&parent=18212"}],"wp:term":[{"taxonomy":"category","embeddable":true,"href":"https:\/\/radiocresatelital.com\/index.php?rest_route=%2Fwp%2Fv2%2Fcategories&post=18212"},{"taxonomy":"post_tag","embeddable":true,"href":"https:\/\/radiocresatelital.com\/index.php?rest_route=%2Fwp%2Fv2%2Ftags&post=18212"}],"curies":[{"name":"wp","href":"https:\/\/api.w.org\/{rel}","templated":true}]}}