{"id":18202,"date":"2024-08-25T21:09:03","date_gmt":"2024-08-25T21:09:03","guid":{"rendered":"https:\/\/radiocresatelital.com\/?p=18202"},"modified":"2024-08-25T21:09:03","modified_gmt":"2024-08-25T21:09:03","slug":"entro-en-vigencia-la-segunda-veda-de-cangrejo-rojo-y-azul","status":"publish","type":"post","link":"https:\/\/radiocresatelital.com\/?p=18202","title":{"rendered":"Entr\u00f3 en vigencia la segunda veda de cangrejo rojo y azul"},"content":{"rendered":"<p>Quito.- Desde este 23 de agosto de 2024 inici\u00f3 la segunda veda del cangrejo rojo y azul, medida establecida a trav\u00e9s del Acuerdo Ministerial Nro. MPCEIP-SRP-2024-0234-A, donde se detalla:<\/p>\n<p>\u201cArt\u00edculo 3. Durante el periodo de veda establecido en el presente Acuerdo, se proh\u00edbe en todo el territorio nacional; la captura, transporte, posesi\u00f3n, procesamiento y comercializaci\u00f3n interna y externa de las especies reglamentadas\u201d.<\/p>\n<p>\u201cArt\u00edculo 5. Las empresas procesadoras\/comercializadoras debidamente autorizadas, que hayan procesado Cangrejo Rojo (Ucides occidentalis) \u00f3 Cangrejo Azul (Cardisoma crassum) antes de los periodos de veda establecidos en el presente Acuerdo y deseen comercializarlo; deber\u00e1n solicitar a la DIRECCI\u00d3N DE CONTROL PESQUERO la verificaci\u00f3n de los productos almacenados mediante el inventario de stock.\u201d<\/p>\n<p>Cabe se\u00f1alar que, transitoriamente, para los cangrejos recolectados el 23 de agosto, por inicio de faena previo a la emisi\u00f3n de este Acuerdo, se permitir\u00e1 su arribo y transporte hasta el 24 de agosto; mientras que la comercializaci\u00f3n y procesamiento estar\u00e1 permitida hasta el lunes 26 de agosto.<\/p>\n<p>Esta disposici\u00f3n reformatoria sustituye al texto del art\u00edculo 2 del Acuerdo Ministerial Nro. MPCEIP-SRP-2024-0025-A emitido el pasado 23 de enero de 2024, por el siguiente: \u201cEstablecer el periodo de veda de muda para los recursos cangrejo azul (cardisoma crassum) y el cangrejo rojo (ucides occidentalis); desde el 23 de agosto al 30 de septiembre de 2024, medida que busca salvaguardar tanto la sostenibilidad del recurso como la salud p\u00fablica, en esta etapa muy sensible y vulnerable como es la de su crecimiento (muda o ecdisis), periodo congruente con las observaciones de campo realizadas a lo largo de estos a\u00f1os, que indican un alto grado de actividad de muda en el recurso durante estas fechas\u201d.<\/p>\n<p>La actualizaci\u00f3n en el periodo de prohibici\u00f3n para la extracci\u00f3n, captura, producci\u00f3n y venta de este recurso, se enmarca en la disposici\u00f3n del Acuerdo indicado en el p\u00e1rrafo anterior, en el cual, el Instituto P\u00fablico de Investigaci\u00f3n de Acuicultura y Pesca (IPIAP) expone: \u201c(\u2026) Con base en la informaci\u00f3n disponible y con el objetivo de salvaguardar tanto la sostenibilidad del recurso como la salud p\u00fablica; se sugiere que, a partir de la fecha y hasta el 30 de septiembre, se establezca la veda de muda del cangrejo rojo de manglar, y que a futuro se pueda mantener la veda por 45 d\u00edas (\u2026) Adicionalmente, se recomienda intensificar las campa\u00f1as de capacitaci\u00f3n para los recolectores, con el fin de evitar la captura de cangrejos en condiciones no aptas para el consumo humano. La veda de muda deber\u00eda ser un compromiso consciente de cada pescador; invadir el manglar durante este proceso y buscar cangrejos con su exoesqueleto duro, para extraerlos es un acto de irresponsabilidad hacia el recurso, durante este periodo de vulnerabilidad. Adem\u00e1s, es crucial mejorar los mecanismos de monitoreo y control durante este periodo para proteger tanto el ecosistema como a las comunidades que dependen de \u00e9l\u201d.<\/p>\n<p>De esta manera, conforme a las medidas adoptadas se determina el cumplimiento del periodo de veda establecido, y se normaliza esta actividad extractiva a partir del 1 de octubre de 2024. No obstante, en concordancia del Acuerdo suscrito se fortalecer\u00e1 el monitoreo y control a este recurso y sus actividades pesqueras derivadas, a fin de evitar incidencias relativas a los recursos recolectados.<\/p>\n","protected":false},"excerpt":{"rendered":"<p>Quito.- Desde este 23 de agosto de 2024 inici\u00f3 la segunda veda del cangrejo rojo y azul, medida establecida a trav\u00e9s del Acuerdo Ministerial Nro. MPCEIP-SRP-2024-0234-A, donde se detalla: \u201cArt\u00edculo 3. Durante el periodo de veda establecido en el presente Acuerdo, se proh\u00edbe en todo el territorio nacional; la captura, transporte, posesi\u00f3n, procesamiento y comercializaci\u00f3n [&hellip;]<\/p>\n","protected":false},"author":2,"featured_media":18203,"comment_status":"open","ping_status":"closed","sticky":false,"template":"","format":"standard","meta":{"_jetpack_memberships_contains_paid_content":false,"footnotes":""},"categories":[13],"tags":[2899],"class_list":["post-18202","post","type-post","status-publish","format-standard","has-post-thumbnail","hentry","category-noticias-nacionales","tag-veda-cangrejo-rojo-y-azul"],"jetpack_featured_media_url":"https:\/\/radiocresatelital.com\/wp-content\/uploads\/2024\/08\/Captura-de-pantalla-2024-08-23-a-las-16.55.15-1536x772-1.png","jetpack_sharing_enabled":true,"_links":{"self":[{"href":"https:\/\/radiocresatelital.com\/index.php?rest_route=\/wp\/v2\/posts\/18202","targetHints":{"allow":["GET"]}}],"collection":[{"href":"https:\/\/radiocresatelital.com\/index.php?rest_route=\/wp\/v2\/posts"}],"about":[{"href":"https:\/\/radiocresatelital.com\/index.php?rest_route=\/wp\/v2\/types\/post"}],"author":[{"embeddable":true,"href":"https:\/\/radiocresatelital.com\/index.php?rest_route=\/wp\/v2\/users\/2"}],"replies":[{"embeddable":true,"href":"https:\/\/radiocresatelital.com\/index.php?rest_route=%2Fwp%2Fv2%2Fcomments&post=18202"}],"version-history":[{"count":1,"href":"https:\/\/radiocresatelital.com\/index.php?rest_route=\/wp\/v2\/posts\/18202\/revisions"}],"predecessor-version":[{"id":18204,"href":"https:\/\/radiocresatelital.com\/index.php?rest_route=\/wp\/v2\/posts\/18202\/revisions\/18204"}],"wp:featuredmedia":[{"embeddable":true,"href":"https:\/\/radiocresatelital.com\/index.php?rest_route=\/wp\/v2\/media\/18203"}],"wp:attachment":[{"href":"https:\/\/radiocresatelital.com\/index.php?rest_route=%2Fwp%2Fv2%2Fmedia&parent=18202"}],"wp:term":[{"taxonomy":"category","embeddable":true,"href":"https:\/\/radiocresatelital.com\/index.php?rest_route=%2Fwp%2Fv2%2Fcategories&post=18202"},{"taxonomy":"post_tag","embeddable":true,"href":"https:\/\/radiocresatelital.com\/index.php?rest_route=%2Fwp%2Fv2%2Ftags&post=18202"}],"curies":[{"name":"wp","href":"https:\/\/api.w.org\/{rel}","templated":true}]}}