{"id":18169,"date":"2024-08-23T22:25:37","date_gmt":"2024-08-23T22:25:37","guid":{"rendered":"https:\/\/radiocresatelital.com\/?p=18169"},"modified":"2024-08-23T22:25:50","modified_gmt":"2024-08-23T22:25:50","slug":"justicia-y-vigilancia-clausura-9-fabricas-clandestinas-de-bloques-en-la-germania","status":"publish","type":"post","link":"https:\/\/radiocresatelital.com\/?p=18169","title":{"rendered":"Justicia y Vigilancia clausura 9 f\u00e1bricas clandestinas de bloques en La Germania"},"content":{"rendered":"<p>Guayaquil.- La Direcci\u00f3n de Justicia y Vigilancia del Municipio de Guayaquil realiz\u00f3 un operativo de control en el sector La Germania, ubicado en el kil\u00f3metro 18 de V\u00eda a Daule.<\/p>\n<p>En el lugar se encontraron f\u00e1bricas de bloques clandestinas, las cuales no contaban con ning\u00fan tipo de permiso.<\/p>\n<p>Funcionarios colocaron sellos de clausura en 9 f\u00e1bricas por falta de tasa de habilitaci\u00f3n y por no tener permisos ambientales. Este tipo de actividades son consideradas de mediano impacto para el medio ambiente, por lo que el incorrecto uso de estos espacios puede provocar contaminaci\u00f3n en el sector.<\/p>\n<p>El marco legal vigente establece que, ante estas infracciones, se aplicar\u00e1 una multa econ\u00f3mica, dependiendo de la gravedad de la misma, de acuerdo con la afectaci\u00f3n al ambiente y considerando las circunstancias atenuantes y agravantes.<\/p>\n<p>Se estima que en este lugar este tipo de actividades se ejecuta desde hace m\u00e1s de 8 a\u00f1os, sin ning\u00fan tipo de autorizaci\u00f3n.<\/p>\n<p>El cumplimiento de los requisitos para el funcionamiento de cualquier tipo de local comercial contribuye tambi\u00e9n a la seguridad ciudadana. As\u00ed se construye la Ciudad de Todos.<\/p>\n","protected":false},"excerpt":{"rendered":"<p>Guayaquil.- La Direcci\u00f3n de Justicia y Vigilancia del Municipio de Guayaquil realiz\u00f3 un operativo de control en el sector La Germania, ubicado en el kil\u00f3metro 18 de V\u00eda a Daule. En el lugar se encontraron f\u00e1bricas de bloques clandestinas, las cuales no contaban con ning\u00fan tipo de permiso. Funcionarios colocaron sellos de clausura en 9 [&hellip;]<\/p>\n","protected":false},"author":2,"featured_media":18170,"comment_status":"open","ping_status":"closed","sticky":false,"template":"","format":"standard","meta":{"_jetpack_memberships_contains_paid_content":false,"footnotes":""},"categories":[13],"tags":[816,114],"class_list":["post-18169","post","type-post","status-publish","format-standard","has-post-thumbnail","hentry","category-noticias-nacionales","tag-direccion-de-justicia-y-vigilancia","tag-municipio-de-guayaquil"],"jetpack_featured_media_url":"https:\/\/radiocresatelital.com\/wp-content\/uploads\/2024\/08\/image00001-scaled.jpeg","jetpack_sharing_enabled":true,"_links":{"self":[{"href":"https:\/\/radiocresatelital.com\/index.php?rest_route=\/wp\/v2\/posts\/18169","targetHints":{"allow":["GET"]}}],"collection":[{"href":"https:\/\/radiocresatelital.com\/index.php?rest_route=\/wp\/v2\/posts"}],"about":[{"href":"https:\/\/radiocresatelital.com\/index.php?rest_route=\/wp\/v2\/types\/post"}],"author":[{"embeddable":true,"href":"https:\/\/radiocresatelital.com\/index.php?rest_route=\/wp\/v2\/users\/2"}],"replies":[{"embeddable":true,"href":"https:\/\/radiocresatelital.com\/index.php?rest_route=%2Fwp%2Fv2%2Fcomments&post=18169"}],"version-history":[{"count":1,"href":"https:\/\/radiocresatelital.com\/index.php?rest_route=\/wp\/v2\/posts\/18169\/revisions"}],"predecessor-version":[{"id":18171,"href":"https:\/\/radiocresatelital.com\/index.php?rest_route=\/wp\/v2\/posts\/18169\/revisions\/18171"}],"wp:featuredmedia":[{"embeddable":true,"href":"https:\/\/radiocresatelital.com\/index.php?rest_route=\/wp\/v2\/media\/18170"}],"wp:attachment":[{"href":"https:\/\/radiocresatelital.com\/index.php?rest_route=%2Fwp%2Fv2%2Fmedia&parent=18169"}],"wp:term":[{"taxonomy":"category","embeddable":true,"href":"https:\/\/radiocresatelital.com\/index.php?rest_route=%2Fwp%2Fv2%2Fcategories&post=18169"},{"taxonomy":"post_tag","embeddable":true,"href":"https:\/\/radiocresatelital.com\/index.php?rest_route=%2Fwp%2Fv2%2Ftags&post=18169"}],"curies":[{"name":"wp","href":"https:\/\/api.w.org\/{rel}","templated":true}]}}