{"id":18156,"date":"2024-08-23T18:43:19","date_gmt":"2024-08-23T18:43:19","guid":{"rendered":"https:\/\/radiocresatelital.com\/?p=18156"},"modified":"2024-08-23T20:45:07","modified_gmt":"2024-08-23T20:45:07","slug":"facundo-celebra-el-sabor-de-la-vida-mas-alla-de-la-comida-con-su-nueva-campana-lo-rico-de-la-vida","status":"publish","type":"post","link":"https:\/\/radiocresatelital.com\/?p=18156","title":{"rendered":"Facundo celebra el sabor de la vida, m\u00e1s all\u00e1 de la comida, con su nueva campa\u00f1a \u201cLo Rico de la Vida\u201d"},"content":{"rendered":"<p>Quito.- Facundo busca que los ecuatorianos redescubramos que las maravillas de la vida est\u00e1n escondidas en las cosas sencillas, en aquellas personas y momentos que saboreamos, que disfrutamos y recordamos, con el lanzamiento de la campa\u00f1a \u201cLo Rico de la Vida\u201d.<\/p>\n<p>En medio del ajetreo de la rutina diaria, Facundo acompa\u00f1a las experiencias de la vida que se entrelazan con los sabores de la comida. Este a\u00f1o, ratifica su compromiso de ofrecer una variedad de productos -en conservas y congelados- que te permiten preparar platos ricos y nutritivos, de manera muy f\u00e1cil y r\u00e1pida, para que tengas m\u00e1s tiempo para disfrutar y compartir.<\/p>\n<p>En este contexto, Facundo realiza el despliegue de \u201cLo Rico de la Vida\u201d, con un evento de <strong>Stand Up En Vivo<\/strong> en el rooftoop del CC. Alhambra. A este evento asisten invitados especiales que podr\u00e1n participar de un mix de experiencias como el arte de emplatar, recrear platos con sus sentidos, y degustar exquisitas delicias.<\/p>\n<p>Adem\u00e1s, en el marco de esta campa\u00f1a, Facundo lanza su nuevo producto \u00fanico en el mercado: \u201cYuca cocida\u201d, con muy buen sabor, suave textura, sin conservantes y muy vers\u00e1til para preparar una variedad de recetas de manera muy f\u00e1cil, porque est\u00e1 lista para servir; as\u00ed lo impulsa con el lema #YESYUCAn, promoviendo que s\u00ed se puede utilizar este producto en caldos como sancocho y encebollado, majado para tortillas o pur\u00e9, o simplemente frita como opci\u00f3n de entrada o acompa\u00f1ante.<\/p>\n<p>\u201cHemos presentado en el mercado nuestro nuevo enlatado yuca cocida como una reafirmaci\u00f3n de que la vida no tiene que ser dif\u00edcil, debe estar llena de buenos sabores, de ricos momentos y hay que gozarla. Con el lanzamiento de este producto, Facundo quiere invitar a los ecuatorianos a que disfruten del sabor aut\u00e9ntico de casa sin complicaciones, sin tener que pelar, lavar, cocinar la yuca y aprovechando ese tiempo para cosas que nos hacen felices. Nosotros le damos una deliciosa yuca lista para servir\u201d, afirm\u00f3 Ma. Fernanda Torres, Gerente de Marketing y Trade de la marca.<\/p>\n<p>El portafolio de Facundo ofrece conservas, congelados y mermeladas con deliciosos sabores, calidad e innovaci\u00f3n, mientras promueven la alimentaci\u00f3n saludable y aportan a mejorar el estilo de vida de sus consumidores, con un toque de practicidad. Por esta raz\u00f3n, Facundo es reconocida como la marca #1 que acompa\u00f1a a los ecuatorianos desde 1986.<\/p>\n","protected":false},"excerpt":{"rendered":"<p>Quito.- Facundo busca que los ecuatorianos redescubramos que las maravillas de la vida est\u00e1n escondidas en las cosas sencillas, en aquellas personas y momentos que saboreamos, que disfrutamos y recordamos, con el lanzamiento de la campa\u00f1a \u201cLo Rico de la Vida\u201d. En medio del ajetreo de la rutina diaria, Facundo acompa\u00f1a las experiencias de la [&hellip;]<\/p>\n","protected":false},"author":2,"featured_media":18157,"comment_status":"open","ping_status":"closed","sticky":false,"template":"","format":"standard","meta":{"_jetpack_memberships_contains_paid_content":false,"footnotes":""},"categories":[13],"tags":[2890,2891],"class_list":["post-18156","post","type-post","status-publish","format-standard","has-post-thumbnail","hentry","category-noticias-nacionales","tag-facundo","tag-lo-rico-de-la-vida"],"jetpack_featured_media_url":"https:\/\/radiocresatelital.com\/wp-content\/uploads\/2024\/08\/Facundo_MariaJoseFreire_RodrigoDuenas_MariaFernandaTorres_MaggiePena.jpg","jetpack_sharing_enabled":true,"_links":{"self":[{"href":"https:\/\/radiocresatelital.com\/index.php?rest_route=\/wp\/v2\/posts\/18156","targetHints":{"allow":["GET"]}}],"collection":[{"href":"https:\/\/radiocresatelital.com\/index.php?rest_route=\/wp\/v2\/posts"}],"about":[{"href":"https:\/\/radiocresatelital.com\/index.php?rest_route=\/wp\/v2\/types\/post"}],"author":[{"embeddable":true,"href":"https:\/\/radiocresatelital.com\/index.php?rest_route=\/wp\/v2\/users\/2"}],"replies":[{"embeddable":true,"href":"https:\/\/radiocresatelital.com\/index.php?rest_route=%2Fwp%2Fv2%2Fcomments&post=18156"}],"version-history":[{"count":1,"href":"https:\/\/radiocresatelital.com\/index.php?rest_route=\/wp\/v2\/posts\/18156\/revisions"}],"predecessor-version":[{"id":18158,"href":"https:\/\/radiocresatelital.com\/index.php?rest_route=\/wp\/v2\/posts\/18156\/revisions\/18158"}],"wp:featuredmedia":[{"embeddable":true,"href":"https:\/\/radiocresatelital.com\/index.php?rest_route=\/wp\/v2\/media\/18157"}],"wp:attachment":[{"href":"https:\/\/radiocresatelital.com\/index.php?rest_route=%2Fwp%2Fv2%2Fmedia&parent=18156"}],"wp:term":[{"taxonomy":"category","embeddable":true,"href":"https:\/\/radiocresatelital.com\/index.php?rest_route=%2Fwp%2Fv2%2Fcategories&post=18156"},{"taxonomy":"post_tag","embeddable":true,"href":"https:\/\/radiocresatelital.com\/index.php?rest_route=%2Fwp%2Fv2%2Ftags&post=18156"}],"curies":[{"name":"wp","href":"https:\/\/api.w.org\/{rel}","templated":true}]}}