{"id":18141,"date":"2024-08-23T20:06:54","date_gmt":"2024-08-23T20:06:54","guid":{"rendered":"https:\/\/radiocresatelital.com\/?p=18141"},"modified":"2024-08-23T20:06:54","modified_gmt":"2024-08-23T20:06:54","slug":"msp-prepara-la-entrega-de-49-nuevas-ambulancias-para-atencion-prehospitalaria-en-el-pais","status":"publish","type":"post","link":"https:\/\/radiocresatelital.com\/?p=18141","title":{"rendered":"MSP prepara la entrega de 49 nuevas ambulancias para atenci\u00f3n prehospitalaria en el pa\u00eds"},"content":{"rendered":"<p>Quito.- Fortalecer el servicio de atenci\u00f3n prehospitalaria a escala nacional y mejorar los tiempos de respuesta ante emergencias registradas en territorio, con inmediatez y de manera oportuna, es un compromiso del Gobierno del Nuevo Ecuador para garantizar el bienestar y salud de la poblaci\u00f3n.<\/p>\n<p>El Ministerio de Salud P\u00fablica (MSP) mantiene, desde el 2023, un convenio con la Oficina de las Naciones Unidas de Servicios para Proyectos (UNOPS) para la adquisici\u00f3n de 186 ambulancias de soporte vital avanzado. Al momento se han entregado 122 ambulancias en todo el pa\u00eds, se encuentran operativas y disponibles para los 18 millones de ecuatorianos.<\/p>\n<p>Estas ambulancias han sido entregadas por lotes de acuerdo a su arribo al pa\u00eds. Actualmente 49 ambulancias 4\u00d72 se encuentran en el Hospital Rodr\u00edguez Zambrano de Manta cumpliendo gestiones de legalizaci\u00f3n requeridas previamente a su entrega en los pr\u00f3ximos d\u00edas.<\/p>\n<p>Entre los componentes log\u00edsticos que atraviesan las ambulancias est\u00e1 la inspecci\u00f3n de cumplimiento de especificaciones t\u00e9cnicas por la comisi\u00f3n t\u00e9cnica de recepci\u00f3n, en la que se eval\u00faa el componente vehicular, equipamiento, dispositivos y equipos de telecomunicaciones. Se verifica el correcto funcionamiento de equipamiento con 33 items para soporte vital avanzado como por ejemplo: ventilador mec\u00e1nico, monitor desfibrilador, succionador, tensi\u00f3metro, camilla plegable, tanque de ox\u00edgeno port\u00e1til, sets instrumentales para parto y cirug\u00eda menor, doppler fetal port\u00e1til, entre otros.<\/p>\n<p>Mientras que, entre el tr\u00e1mite administrativo, consta la legalizaci\u00f3n y exoneraciones en SRI, revisi\u00f3n t\u00e9cnica vehicular, matriculaci\u00f3n, asignaci\u00f3n de placas, inspecci\u00f3n de la Agencia de Aseguramiento de la Calidad de los Servicios de Salud y Medicina Prepagada (ACESS) para permisos de funcionamiento y aseguramiento del veh\u00edculo.<\/p>\n<p>Una vez culminados los procesos administrativos y log\u00edsticos las 49 ambulancias por entregar estar\u00e1n listas para ser articuladas al SIS ECU911 de su jurisdicci\u00f3n para la atenci\u00f3n de emergencias requeridas por la ciudadan\u00eda.<\/p>\n<p>Por otra parte, un total de 860 servidores del Ministerio de Salud P\u00fablica, entre personal sanitario y conductores, han sido capacitados en el manejo y cuidado del equipo biom\u00e9dico de las ambulancias, as\u00ed como el correcto uso y funcionamiento del veh\u00edculo en todos sus componentes, mec\u00e1nico, hidr\u00e1ulico y el\u00e9ctrico.<\/p>\n<p>De los 860 profesionales capacitados, 610 fueron formados para el funcionamiento de 122 ambulancias ya operativas en el Ecuador; y esta semana 250 funcionarios para el manejo de las 49 ambulancias por entregar.<\/p>\n<p>Como parte de la tem\u00e1tica de las jornadas de capacitaci\u00f3n se abordaron distintos componentes, entre ellos: mec\u00e1nico vehicular dirigido a conductores y param\u00e9dicos; de equipamiento encaminado a param\u00e9dicos y t\u00e9cnicos de equipamiento; administrativo enfocado a la formaci\u00f3n de custodios y \u00e1rea administrativa; y componente de telecomunicaciones.<\/p>\n<p>El Ministerio de Salud P\u00fablica ratifica su compromiso por brindar atenci\u00f3n integral, gratuita y oportuna a la poblaci\u00f3n, adem\u00e1s de promover la formaci\u00f3n y capacitaci\u00f3n de sus profesionales, y as\u00ed fortalecer los servicios de salud en todo el territorio nacional.<\/p>\n","protected":false},"excerpt":{"rendered":"<p>Quito.- Fortalecer el servicio de atenci\u00f3n prehospitalaria a escala nacional y mejorar los tiempos de respuesta ante emergencias registradas en territorio, con inmediatez y de manera oportuna, es un compromiso del Gobierno del Nuevo Ecuador para garantizar el bienestar y salud de la poblaci\u00f3n. El Ministerio de Salud P\u00fablica (MSP) mantiene, desde el 2023, un [&hellip;]<\/p>\n","protected":false},"author":2,"featured_media":18142,"comment_status":"open","ping_status":"closed","sticky":false,"template":"","format":"standard","meta":{"_jetpack_memberships_contains_paid_content":false,"footnotes":""},"categories":[13],"tags":[1931,148],"class_list":["post-18141","post","type-post","status-publish","format-standard","has-post-thumbnail","hentry","category-noticias-nacionales","tag-gobierno-del-nuevo-ecuador","tag-ministerio-de-salud-publica"],"jetpack_featured_media_url":"https:\/\/radiocresatelital.com\/wp-content\/uploads\/2024\/08\/image00014-scaled-1.jpeg","jetpack_sharing_enabled":true,"_links":{"self":[{"href":"https:\/\/radiocresatelital.com\/index.php?rest_route=\/wp\/v2\/posts\/18141","targetHints":{"allow":["GET"]}}],"collection":[{"href":"https:\/\/radiocresatelital.com\/index.php?rest_route=\/wp\/v2\/posts"}],"about":[{"href":"https:\/\/radiocresatelital.com\/index.php?rest_route=\/wp\/v2\/types\/post"}],"author":[{"embeddable":true,"href":"https:\/\/radiocresatelital.com\/index.php?rest_route=\/wp\/v2\/users\/2"}],"replies":[{"embeddable":true,"href":"https:\/\/radiocresatelital.com\/index.php?rest_route=%2Fwp%2Fv2%2Fcomments&post=18141"}],"version-history":[{"count":1,"href":"https:\/\/radiocresatelital.com\/index.php?rest_route=\/wp\/v2\/posts\/18141\/revisions"}],"predecessor-version":[{"id":18143,"href":"https:\/\/radiocresatelital.com\/index.php?rest_route=\/wp\/v2\/posts\/18141\/revisions\/18143"}],"wp:featuredmedia":[{"embeddable":true,"href":"https:\/\/radiocresatelital.com\/index.php?rest_route=\/wp\/v2\/media\/18142"}],"wp:attachment":[{"href":"https:\/\/radiocresatelital.com\/index.php?rest_route=%2Fwp%2Fv2%2Fmedia&parent=18141"}],"wp:term":[{"taxonomy":"category","embeddable":true,"href":"https:\/\/radiocresatelital.com\/index.php?rest_route=%2Fwp%2Fv2%2Fcategories&post=18141"},{"taxonomy":"post_tag","embeddable":true,"href":"https:\/\/radiocresatelital.com\/index.php?rest_route=%2Fwp%2Fv2%2Ftags&post=18141"}],"curies":[{"name":"wp","href":"https:\/\/api.w.org\/{rel}","templated":true}]}}