{"id":18130,"date":"2024-08-23T14:59:16","date_gmt":"2024-08-23T14:59:16","guid":{"rendered":"https:\/\/radiocresatelital.com\/?p=18130"},"modified":"2024-08-23T14:59:16","modified_gmt":"2024-08-23T14:59:16","slug":"hemos-demostrado-la-infiltracion-del-narcotrafico-en-la-politica-por-eso-quieren-sacarme-diana-salazar","status":"publish","type":"post","link":"https:\/\/radiocresatelital.com\/?p=18130","title":{"rendered":"Hemos demostrado la infiltraci\u00f3n del narcotr\u00e1fico en la pol\u00edtica, por eso quieren sacarme, Diana Salazar"},"content":{"rendered":"<p>Quito.- \u00abEstoy segura de que no existen razones ni pol\u00edticas ni jur\u00eddicas para ser censurada\u00bb, manifest\u00f3 la Dra. Diana Salazar, Fiscal General del Estado, en entrevista en Ecuavisa. \u00abSe ha dicho que este es un juicio pol\u00edtico y que no se manejara en derecho, es m\u00e1s, la interpelante ha dindicado que ella no conoce de derecho, que solo se enfocar\u00e1 en el \u00e1mbito pol\u00edtico, sin embargo entre las causales del juicio se\u00f1alan varias motivaciones que responden a temas que ya se han ventilado en audiencias ante los tribunales y que por la contundencia de la Fiscal\u00eda hemos logrado obtener sentencia, entonces lo que no han logrado ganar en los tribunales quieren hacerlo desde pol\u00edtico, asever\u00f3<\/p>\n<p>El Ecuador va a estar pendiente de lo que suceda, porque yo no me debo a la Asamblea sino al pueblo ecuatoriano, el pueblo estar\u00e1 pendiente de quienes votan y como votan en la Asamblea y las razones para ejecutar este juicio pol\u00edtico; que no son otras que tratar de debilitarme justamente cuando hemos liderado la mayor lucha contra el narcotr\u00e1fico y la delincuencia organizada, que han infiltrado a las instituciones, a los pol\u00edticos y a algunos medios digitales, agrego la funcionaria.<\/p>\n<p>La Fiscal General, con su equipo de trabajo esta organizando la estrategia para descargar cada uno de los se\u00f1alamientos de supuestos incumplimientos de funciones, pero mientras sucede esto, hemos ido demostrando con el desarrollo de los casos, la infiltraci\u00f2n del narcotr\u00e1fico en la esfera pol\u00edtica, porque eso es innegable, asegur\u00f3 la Dra. Diana Salazar.<\/p>\n<p>Este juicio es una retaliaci\u00f3n, quieren sacarme de la Fiscal\u00eda con el \u00fanico fin de lograr impunidad. A la cabeza del Consejo de la Judicatura se encontraba uno de los operadores del caso de Leandro Norero (narcotrficante) y cu\u00e1l fue el partido pol\u00edtico que salv\u00f3 a Ter\u00e1n de la censura, cuestion\u00f3 la Fiscal.<\/p>\n<p>Con los antecedentes plantedos, la Dra. Salazar, se\u00f1ala, que a\u00e1n as\u00ed no quieren que se lo llame narcojuicio, \u00abentonces, qu\u00e9 m\u00e1s necesitan para que se lo llame de esa forma\u00bb.<\/p>\n<p>&nbsp;<\/p>\n","protected":false},"excerpt":{"rendered":"<p>Quito.- \u00abEstoy segura de que no existen razones ni pol\u00edticas ni jur\u00eddicas para ser censurada\u00bb, manifest\u00f3 la Dra. Diana Salazar, Fiscal General del Estado, en entrevista en Ecuavisa. \u00abSe ha dicho que este es un juicio pol\u00edtico y que no se manejara en derecho, es m\u00e1s, la interpelante ha dindicado que ella no conoce de [&hellip;]<\/p>\n","protected":false},"author":3,"featured_media":7998,"comment_status":"open","ping_status":"closed","sticky":false,"template":"","format":"standard","meta":{"_jetpack_memberships_contains_paid_content":false,"footnotes":""},"categories":[13],"tags":[2298],"class_list":["post-18130","post","type-post","status-publish","format-standard","has-post-thumbnail","hentry","category-noticias-nacionales","tag-dianasalazar"],"jetpack_featured_media_url":"https:\/\/radiocresatelital.com\/wp-content\/uploads\/2023\/11\/Diana-Salazar.jpeg","jetpack_sharing_enabled":true,"_links":{"self":[{"href":"https:\/\/radiocresatelital.com\/index.php?rest_route=\/wp\/v2\/posts\/18130","targetHints":{"allow":["GET"]}}],"collection":[{"href":"https:\/\/radiocresatelital.com\/index.php?rest_route=\/wp\/v2\/posts"}],"about":[{"href":"https:\/\/radiocresatelital.com\/index.php?rest_route=\/wp\/v2\/types\/post"}],"author":[{"embeddable":true,"href":"https:\/\/radiocresatelital.com\/index.php?rest_route=\/wp\/v2\/users\/3"}],"replies":[{"embeddable":true,"href":"https:\/\/radiocresatelital.com\/index.php?rest_route=%2Fwp%2Fv2%2Fcomments&post=18130"}],"version-history":[{"count":1,"href":"https:\/\/radiocresatelital.com\/index.php?rest_route=\/wp\/v2\/posts\/18130\/revisions"}],"predecessor-version":[{"id":18131,"href":"https:\/\/radiocresatelital.com\/index.php?rest_route=\/wp\/v2\/posts\/18130\/revisions\/18131"}],"wp:featuredmedia":[{"embeddable":true,"href":"https:\/\/radiocresatelital.com\/index.php?rest_route=\/wp\/v2\/media\/7998"}],"wp:attachment":[{"href":"https:\/\/radiocresatelital.com\/index.php?rest_route=%2Fwp%2Fv2%2Fmedia&parent=18130"}],"wp:term":[{"taxonomy":"category","embeddable":true,"href":"https:\/\/radiocresatelital.com\/index.php?rest_route=%2Fwp%2Fv2%2Fcategories&post=18130"},{"taxonomy":"post_tag","embeddable":true,"href":"https:\/\/radiocresatelital.com\/index.php?rest_route=%2Fwp%2Fv2%2Ftags&post=18130"}],"curies":[{"name":"wp","href":"https:\/\/api.w.org\/{rel}","templated":true}]}}