{"id":1812,"date":"2023-08-02T16:18:12","date_gmt":"2023-08-02T16:18:12","guid":{"rendered":"https:\/\/radiocresatelital.com\/?p=1812"},"modified":"2023-08-02T17:22:46","modified_gmt":"2023-08-02T17:22:46","slug":"estudio-revela-un-incremento-de-los-precios-en-categorias-de-consumo-masivo-en-las-tiendas-del-ecuador","status":"publish","type":"post","link":"https:\/\/radiocresatelital.com\/?p=1812","title":{"rendered":"Estudio revela un incremento de los precios en categor\u00edas de consumo masivo en las tiendas del Ecuador"},"content":{"rendered":"<p>Quito.- En los primeros seis meses del a\u00f1o, las transacciones realizadas en las tiendas de Ecuador han experimentado un notable aumento en los precios de algunas categor\u00edas de consumo masivo. Este fen\u00f3meno, que tuvo lugar despu\u00e9s de la pandemia, refleja diversas variables de gran relevancia, entre ellas, el proceso inflacionario que afect\u00f3 a varios pa\u00edses, incluido Ecuador.<\/p>\n<p>Adem\u00e1s, el cambio en los patrones de consumo hacia productos con mayor relaci\u00f3n costo-beneficio, como formatos familiares o para el hogar, y el crecimiento de la demanda de productos premium o con valor agregado, tambi\u00e9n han contribuido a este escenario.<\/p>\n<p><strong>El consumo en las tiendas del pa\u00eds<\/strong><\/p>\n<p>Seg\u00fan un estudio realizado por la empresa dichter &amp; neira, consultora experta en el comportamiento de compra. El impacto de esta ecuaci\u00f3n de factores ha generado un incremento en los precios de varias categor\u00edas, siendo las siguientes las que han experimentado mayores aumentos:<\/p>\n<p>1. Snacks salados: Con un aumento del 19%, los snacks salados han sido uno de los productos m\u00e1s afectados por este incremento de precios.<\/p>\n<p>2. Leche blanca, galletas dulces y az\u00facar: Estos productos han registrado un aumento del 12% en sus valores, lo que ha impactado directamente en el presupuesto de los consumidores.<\/p>\n<p>3. Chocolates y helados: Las categor\u00edas de chocolates y helados han experimentado un aumento del 11% en sus precios, lo que representa un desaf\u00edo para aquellos que disfrutan de estos productos como un placer ocasional.<\/p>\n<p>4. Cepillos dentales: Con un incremento del 8%, los cepillos dentales tambi\u00e9n se suman a la lista de productos que han experimentado una subida significativa en su costo.<\/p>\n<p>5. Yogurt: Esta popular opci\u00f3n dentro de las opciones saludables ha experimentado un aumento del 5% en su precio.<\/p>\n<p>6. Leche en polvo y quesos empacados: Por \u00faltimo, estas categor\u00edas han visto un incremento del 4% en sus precios, lo que puede afectar a quienes dependen de estos productos como parte de su dieta diaria.<\/p>\n<p>Durante los primeros cinco meses de 2023, los ciudadanos ecuatorianos gastaron un promedio de $1.07 en cada visita a las tiendas del pa\u00eds, adquiriendo un promedio de 1.2 categor\u00eda en cada compra.<\/p>\n<p>Los d\u00edas m\u00e1s importantes para las tiendas de Ecuador fueron los jueves y mi\u00e9rcoles respectivamente, representando 35% de todas las compras relacionadas con categor\u00edas de consumo masivo. Esto indica que los ecuatorianos aprovechan particularmente estos d\u00edas de la semana para abastecerse de productos esenciales.<\/p>\n<p>En cuanto a las categor\u00edas de productos m\u00e1s compradas en la tienda, gaseosas y bebidas carbonatadas ocuparon el primer lugar en la lista, seguidas de boquitas, snacks y complementos. El agua embotellada, los cigarrillos y las cervezas tambi\u00e9n se encontraban entre las categor\u00edas m\u00e1s transaccionadas. Los jugos, n\u00e9ctares y bebidas refrescantes, las galletas dulces, las bebidas isot\u00f3nicas, los helados y paletas, as\u00ed como la leche UHT, completaron la lista de las 10 categor\u00edas m\u00e1s vendidas en las tiendas.<\/p>\n<p><strong>Diferencias entre Sierra y Costa de Ecuador<\/strong><\/p>\n<p>Es interesante notar que hay diferencias significativas en los patrones de consumo en las regiones Sierra y Costa. Mientras que el gasto promedio de las regiones es muy parecido, durante los fines de semana se gasta m\u00e1s en la Sierra, con un total de $1.16, ya en la regi\u00f3n Costa el gasto promedio durante los s\u00e1bados y domingos gira en torno de $ 1.13 d\u00f3lares.<\/p>\n<p>Para la Costa, el viernes es el d\u00eda m\u00e1s importante, representando 17% de las transacciones, mientras que, para Sierra, jueves es el d\u00eda con m\u00e1s transacciones (18%).<\/p>\n<p>Un dato curioso es que el 20% de las transacciones realizadas en la Costa acontecen los fines de semana, ya para Sierra este n\u00famero se reduce, llegando a 14% de las transacciones totales.<\/p>\n<p>Estos hallazgos proporcionan una visi\u00f3n fascinante sobre los patrones de consumo y las preferencias de compra en Ecuador. En este escenario de incremento de precios en ciertas categor\u00edas de consumo masivo, es importante estar atentos a la evoluci\u00f3n de estas variables para comprender c\u00f3mo impactar\u00e1n en el futuro cercano y tomar decisiones informadas en el \u00e1mbito del consumo.<\/p>\n","protected":false},"excerpt":{"rendered":"<p>Quito.- En los primeros seis meses del a\u00f1o, las transacciones realizadas en las tiendas de Ecuador han experimentado un notable aumento en los precios de algunas categor\u00edas de consumo masivo. Este fen\u00f3meno, que tuvo lugar despu\u00e9s de la pandemia, refleja diversas variables de gran relevancia, entre ellas, el proceso inflacionario que afect\u00f3 a varios pa\u00edses, [&hellip;]<\/p>\n","protected":false},"author":2,"featured_media":1813,"comment_status":"open","ping_status":"closed","sticky":false,"template":"","format":"standard","meta":{"_jetpack_memberships_contains_paid_content":false,"footnotes":""},"categories":[13],"tags":[418],"class_list":["post-1812","post","type-post","status-publish","format-standard","has-post-thumbnail","hentry","category-noticias-nacionales","tag-ecuador"],"jetpack_featured_media_url":"https:\/\/radiocresatelital.com\/wp-content\/uploads\/2023\/08\/thumbnail_Categorias-incremento.jpg","jetpack_sharing_enabled":true,"_links":{"self":[{"href":"https:\/\/radiocresatelital.com\/index.php?rest_route=\/wp\/v2\/posts\/1812","targetHints":{"allow":["GET"]}}],"collection":[{"href":"https:\/\/radiocresatelital.com\/index.php?rest_route=\/wp\/v2\/posts"}],"about":[{"href":"https:\/\/radiocresatelital.com\/index.php?rest_route=\/wp\/v2\/types\/post"}],"author":[{"embeddable":true,"href":"https:\/\/radiocresatelital.com\/index.php?rest_route=\/wp\/v2\/users\/2"}],"replies":[{"embeddable":true,"href":"https:\/\/radiocresatelital.com\/index.php?rest_route=%2Fwp%2Fv2%2Fcomments&post=1812"}],"version-history":[{"count":1,"href":"https:\/\/radiocresatelital.com\/index.php?rest_route=\/wp\/v2\/posts\/1812\/revisions"}],"predecessor-version":[{"id":1814,"href":"https:\/\/radiocresatelital.com\/index.php?rest_route=\/wp\/v2\/posts\/1812\/revisions\/1814"}],"wp:featuredmedia":[{"embeddable":true,"href":"https:\/\/radiocresatelital.com\/index.php?rest_route=\/wp\/v2\/media\/1813"}],"wp:attachment":[{"href":"https:\/\/radiocresatelital.com\/index.php?rest_route=%2Fwp%2Fv2%2Fmedia&parent=1812"}],"wp:term":[{"taxonomy":"category","embeddable":true,"href":"https:\/\/radiocresatelital.com\/index.php?rest_route=%2Fwp%2Fv2%2Fcategories&post=1812"},{"taxonomy":"post_tag","embeddable":true,"href":"https:\/\/radiocresatelital.com\/index.php?rest_route=%2Fwp%2Fv2%2Ftags&post=1812"}],"curies":[{"name":"wp","href":"https:\/\/api.w.org\/{rel}","templated":true}]}}