{"id":18096,"date":"2024-08-22T21:41:17","date_gmt":"2024-08-22T21:41:17","guid":{"rendered":"https:\/\/radiocresatelital.com\/?p=18096"},"modified":"2024-08-22T21:41:17","modified_gmt":"2024-08-22T21:41:17","slug":"listo-para-colocar-la-primera-piedra-del-nuevo-coliseo-de-la-aso-provincial-de-judo","status":"publish","type":"post","link":"https:\/\/radiocresatelital.com\/?p=18096","title":{"rendered":"Listo para colocar la primera piedra del Nuevo Coliseo de la Aso. Provincial de Judo"},"content":{"rendered":"<p>Guayaquil.- Con la presencia de varias autoridades del judo internacional, este viernes 23 de agosto, a las 14h00 locales (19h00 GMT), se realizar\u00e1 la ceremonia de colocaci\u00f3n de la primera piedra para lo que ser\u00e1 el nuevo coliseo de combate de este deporte, el cual llevar\u00e1 el nombre de \u201cJos\u00e9 Desimavilla\u201d, y que estar\u00e1 ubicado a un costado del Coliseo de la Asociaci\u00f3n Provincial de este deporte, en el Complejo el Modelo.<\/p>\n<p>A la ceremonia est\u00e1 invitados Carlos Zegarra, presidente de la Confederaci\u00f3n Panamericana de Judo (CPJ) y vicepresidente de la Federaci\u00f3n Internacional de Judo (IJF); Jos\u00e9 Humberto Rodr\u00edguez, Director Ejecutivo de la CPJ; y Oscar Cassineri, presidente de la Confederaci\u00f3n Sudamericana de Judo; as\u00ed como autoridades locales y nacionales, que le dar\u00e1n realce al evento.<\/p>\n<p>La edificaci\u00f3n de esta obra se realiza gracias a una alianza estrat\u00e9gica entre Federaci\u00f3n Deportiva del Guayas, la Federaci\u00f3n Ecuatoriana de Judo (FEJ) con sus presidentes, Roberto Ib\u00e1\u00f1ez Romero OLY y el Ab. Israel Verdugo Ormaza, respectivamente; y gracias al apoyo de la empresa privada.<\/p>\n<p>Este escenario tendr\u00e1 una superficie de 1.010 m2 de construcci\u00f3n, con un \u00e1rea de competencia donde se podr\u00e1 instalar 2 tatamis y una tribuna para m\u00e1s de 200 personas, con las medidas oficiales que exige la Federaci\u00f3n Internacional de Judo para la realizaci\u00f3n de eventos; adem\u00e1s contar\u00e1 con oficinas administrativas. Habr\u00e1 tambi\u00e9n un gimnasio para la preparaci\u00f3n f\u00edsica de los judocas.<\/p>\n","protected":false},"excerpt":{"rendered":"<p>Guayaquil.- Con la presencia de varias autoridades del judo internacional, este viernes 23 de agosto, a las 14h00 locales (19h00 GMT), se realizar\u00e1 la ceremonia de colocaci\u00f3n de la primera piedra para lo que ser\u00e1 el nuevo coliseo de combate de este deporte, el cual llevar\u00e1 el nombre de \u201cJos\u00e9 Desimavilla\u201d, y que estar\u00e1 ubicado [&hellip;]<\/p>\n","protected":false},"author":2,"featured_media":18097,"comment_status":"open","ping_status":"closed","sticky":false,"template":"","format":"standard","meta":{"_jetpack_memberships_contains_paid_content":false,"footnotes":""},"categories":[9],"tags":[2880],"class_list":["post-18096","post","type-post","status-publish","format-standard","has-post-thumbnail","hentry","category-deportes","tag-asociacion-provincial-de-judo"],"jetpack_featured_media_url":"https:\/\/radiocresatelital.com\/wp-content\/uploads\/2024\/08\/WhatsApp-Image-2024-08-22-at-12.57.00.jpeg","jetpack_sharing_enabled":true,"_links":{"self":[{"href":"https:\/\/radiocresatelital.com\/index.php?rest_route=\/wp\/v2\/posts\/18096","targetHints":{"allow":["GET"]}}],"collection":[{"href":"https:\/\/radiocresatelital.com\/index.php?rest_route=\/wp\/v2\/posts"}],"about":[{"href":"https:\/\/radiocresatelital.com\/index.php?rest_route=\/wp\/v2\/types\/post"}],"author":[{"embeddable":true,"href":"https:\/\/radiocresatelital.com\/index.php?rest_route=\/wp\/v2\/users\/2"}],"replies":[{"embeddable":true,"href":"https:\/\/radiocresatelital.com\/index.php?rest_route=%2Fwp%2Fv2%2Fcomments&post=18096"}],"version-history":[{"count":1,"href":"https:\/\/radiocresatelital.com\/index.php?rest_route=\/wp\/v2\/posts\/18096\/revisions"}],"predecessor-version":[{"id":18098,"href":"https:\/\/radiocresatelital.com\/index.php?rest_route=\/wp\/v2\/posts\/18096\/revisions\/18098"}],"wp:featuredmedia":[{"embeddable":true,"href":"https:\/\/radiocresatelital.com\/index.php?rest_route=\/wp\/v2\/media\/18097"}],"wp:attachment":[{"href":"https:\/\/radiocresatelital.com\/index.php?rest_route=%2Fwp%2Fv2%2Fmedia&parent=18096"}],"wp:term":[{"taxonomy":"category","embeddable":true,"href":"https:\/\/radiocresatelital.com\/index.php?rest_route=%2Fwp%2Fv2%2Fcategories&post=18096"},{"taxonomy":"post_tag","embeddable":true,"href":"https:\/\/radiocresatelital.com\/index.php?rest_route=%2Fwp%2Fv2%2Ftags&post=18096"}],"curies":[{"name":"wp","href":"https:\/\/api.w.org\/{rel}","templated":true}]}}