{"id":18075,"date":"2024-08-22T20:22:33","date_gmt":"2024-08-22T20:22:33","guid":{"rendered":"https:\/\/radiocresatelital.com\/?p=18075"},"modified":"2024-08-22T20:22:33","modified_gmt":"2024-08-22T20:22:33","slug":"manabi-recibe-9-ambulancias-y-se-suma-a-afiliacion-joven","status":"publish","type":"post","link":"https:\/\/radiocresatelital.com\/?p=18075","title":{"rendered":"Manab\u00ed recibe 9 ambulancias y se suma a Afiliaci\u00f3n Joven"},"content":{"rendered":"<p>Bah\u00eda de Car\u00e1quez.- El Centro de Salud tipo C de Bah\u00eda de Car\u00e1quez, en la provincia de Manab\u00ed, fue el escenario en el que las principales autoridades del Instituto Ecuatoriano de Seguridad Social (IESS) entregaron nueve modernas y equipadas ambulancias de Soporte Vital Avanzado (SVA) al servicio de los asegurados y ciudadan\u00eda.<\/p>\n<p>En el evento, que se realiz\u00f3 este jueves 22 de agosto, participaron Eduardo Pe\u00f1a Hurtado, presidente del Consejo Directivo del IESS; las vocales Mar\u00eda de Los \u00c1ngeles Rodr\u00edguez, en representaci\u00f3n de los Empleadores; Mercy Maldonado, en representaci\u00f3n de los Asegurados; \u00c1ngel Garc\u00eda Mieles, director provincial del IESS en Manab\u00ed.<\/p>\n<p>Adem\u00e1s, Ronald Mu\u00f1oz, gobernador de Manab\u00ed, Carlos Mendoza, alcalde del Gobierno Aut\u00f3nomo Descentralizado del cant\u00f3n Sucre; Jack Camelq, gerente de la Oficina de las Naciones Unidas de Servicios para Proyectos (UNOPS), autoridades nacionales y provinciales.<\/p>\n<p>Las unidades m\u00e9dicas que fortalecen su capacidad operativa con las nuevas ambulancias son:<br \/>\n\u00b7 2 Hospital General de Manta<br \/>\n\u00b7 2 Hospital General de Portoviejo<br \/>\n\u00b7 2 Hospital B\u00e1sico de Chone<br \/>\n\u00b7 1 Centro de Salud C Bah\u00eda de Car\u00e1quez<br \/>\n\u00b7 1 Centro Ambulatorio Quir\u00fargico Hospital del D\u00eda Jipijapa<br \/>\n\u00b7 1 Centro de Salud Tipo A Calceta<\/p>\n<p>A trav\u00e9s de una alianza transparente con la Oficina de las Naciones Unidas de Servicios para Proyectos, UNOPS, el IESS adquiri\u00f3 123 ambulancias. Son 106 tipo 4&#215;2 y 17 tipo 4&#215;4 que garantizan la asistencia sanitaria a pacientes en estado cr\u00edtico en el menor tiempo posible.<\/p>\n<p>Elizabeth Sornoza, param\u00e9dica del Centro de Salud de Bah\u00eda de Car\u00e1quez, destac\u00f3 que estas unidades son indispensables para brindar servicios oportunos y de calidad a los asegurados.<\/p>\n<p>Durante el evento tambi\u00e9n se present\u00f3 el programa de Afiliaci\u00f3n Joven que permite que personas de 15 a 24 a\u00f1os accedan, bajo dos modalidades flexibles, a servicios m\u00e9dicos sin costos extras, pr\u00e9stamos hipotecarios con tasas preferenciales y a una jubilaci\u00f3n temprana pagando desde $52 al mes.<\/p>\n<p>En su intervenci\u00f3n, el Presidente del Consejo Directivo del IESS destac\u00f3 que si los j\u00f3venes se afilian desde temprana edad adem\u00e1s de los servicios de salud que reciben tienen acceso a un cr\u00e9dito hipotecario con una tasa fija anual del 6% anual y ese el beneficio m\u00e1s llamativo del programa porque les permite acceder a una vivienda propia.<\/p>\n<p>Adem\u00e1s, resalt\u00f3 que las ambulancias que se entregan son una especie de unidad de cuidados intensivos sobre ruedas y todos los \u00edtems con los que cuentan permiten prestar servicios oportunos y eficientes.<\/p>\n<p>\u201cLo que a m\u00ed m\u00e1s me llam\u00f3 la atenci\u00f3n es que con 36 aportaciones puedo acceder a un pr\u00e9stamo hipotecario y as\u00ed poder tener mi nuevo departamento. Les invito a los j\u00f3venes a que formen parte de \u00e9l, coment\u00f3 Erick N., (nombre protegido) quien le dijo s\u00ed a este programa.<\/p>\n<p>Desde el 5 de marzo pasado que se aprob\u00f3 la Resoluci\u00f3n que introduce esta nueva modalidad de afiliaci\u00f3n, m\u00e1s de 7200 mil personas se han unido al programa Afiliaci\u00f3n Joven.<\/p>\n","protected":false},"excerpt":{"rendered":"<p>Bah\u00eda de Car\u00e1quez.- El Centro de Salud tipo C de Bah\u00eda de Car\u00e1quez, en la provincia de Manab\u00ed, fue el escenario en el que las principales autoridades del Instituto Ecuatoriano de Seguridad Social (IESS) entregaron nueve modernas y equipadas ambulancias de Soporte Vital Avanzado (SVA) al servicio de los asegurados y ciudadan\u00eda. En el evento, [&hellip;]<\/p>\n","protected":false},"author":2,"featured_media":18076,"comment_status":"open","ping_status":"closed","sticky":false,"template":"","format":"standard","meta":{"_jetpack_memberships_contains_paid_content":false,"footnotes":""},"categories":[13],"tags":[2878,2877],"class_list":["post-18075","post","type-post","status-publish","format-standard","has-post-thumbnail","hentry","category-noticias-nacionales","tag-bahia-de-caraquez","tag-centro-de-salud-tipo-c"],"jetpack_featured_media_url":"https:\/\/radiocresatelital.com\/wp-content\/uploads\/2024\/08\/66796d30956fc.jpeg","jetpack_sharing_enabled":true,"_links":{"self":[{"href":"https:\/\/radiocresatelital.com\/index.php?rest_route=\/wp\/v2\/posts\/18075","targetHints":{"allow":["GET"]}}],"collection":[{"href":"https:\/\/radiocresatelital.com\/index.php?rest_route=\/wp\/v2\/posts"}],"about":[{"href":"https:\/\/radiocresatelital.com\/index.php?rest_route=\/wp\/v2\/types\/post"}],"author":[{"embeddable":true,"href":"https:\/\/radiocresatelital.com\/index.php?rest_route=\/wp\/v2\/users\/2"}],"replies":[{"embeddable":true,"href":"https:\/\/radiocresatelital.com\/index.php?rest_route=%2Fwp%2Fv2%2Fcomments&post=18075"}],"version-history":[{"count":1,"href":"https:\/\/radiocresatelital.com\/index.php?rest_route=\/wp\/v2\/posts\/18075\/revisions"}],"predecessor-version":[{"id":18077,"href":"https:\/\/radiocresatelital.com\/index.php?rest_route=\/wp\/v2\/posts\/18075\/revisions\/18077"}],"wp:featuredmedia":[{"embeddable":true,"href":"https:\/\/radiocresatelital.com\/index.php?rest_route=\/wp\/v2\/media\/18076"}],"wp:attachment":[{"href":"https:\/\/radiocresatelital.com\/index.php?rest_route=%2Fwp%2Fv2%2Fmedia&parent=18075"}],"wp:term":[{"taxonomy":"category","embeddable":true,"href":"https:\/\/radiocresatelital.com\/index.php?rest_route=%2Fwp%2Fv2%2Fcategories&post=18075"},{"taxonomy":"post_tag","embeddable":true,"href":"https:\/\/radiocresatelital.com\/index.php?rest_route=%2Fwp%2Fv2%2Ftags&post=18075"}],"curies":[{"name":"wp","href":"https:\/\/api.w.org\/{rel}","templated":true}]}}