{"id":18071,"date":"2024-08-22T16:53:18","date_gmt":"2024-08-22T16:53:18","guid":{"rendered":"https:\/\/radiocresatelital.com\/?p=18071"},"modified":"2024-08-22T16:53:18","modified_gmt":"2024-08-22T16:53:18","slug":"no-podemos-banalizar-la-palabra-narco-para-insultar-a-quien-piensa-diferente-augusto-verduga","status":"publish","type":"post","link":"https:\/\/radiocresatelital.com\/?p=18071","title":{"rendered":"No podemos banalizar la palabra Narco para insultar a quien piensa diferente, Augusto Verduga"},"content":{"rendered":"<p>Quito.- Augusto Verduga, vocal del CPCCS, se refiri&gt; al incidente ocurrido con su colega, el Dr. Esteban Guarderas, quien en un cruce de palabras entre ambos, ayer, calific\u00f3 de narcos a los vocales que intentaban tomar parte activa y protag\u00f3nica en la conformaci\u00f3n del reglamento para elegir al pr\u00f3ximo Fiscal General del Estado.<\/p>\n<p>Verduga, citando una frase de Mark Twein \u00abNunca discutas con un idiota porque te har\u00e1 descender a su nivel y ah\u00ed te ganar\u00e1 por experiencia\u00bb dijo que inicialmente pens\u00f3 no responderle a Guarderas, pero no est\u00e1 de acuerdo en que se banalice el calificatifo de Narco para denostar a sus adversarios, a quienes no piensen de la misma manera que \u00e9l, por ello aclara el tema.<\/p>\n<p>\u00abLo mismo hizo Diana Salazar con los asambleistas que promueven su juiio pol\u00ectico y ahora lo repiti\u00f3 de manera bastante torpe Esteban Guarders\u00bb, se\u00f1al\u00f3 Verduga, Vocal que ha sido vinculado con el Corre\u00edsmo, pese a que los integrantes del CPCCS no deben tener vinculaci\u00f3n alguna con los partidos pol\u00edticos.<\/p>\n","protected":false},"excerpt":{"rendered":"<p>Quito.- Augusto Verduga, vocal del CPCCS, se refiri&gt; al incidente ocurrido con su colega, el Dr. Esteban Guarderas, quien en un cruce de palabras entre ambos, ayer, calific\u00f3 de narcos a los vocales que intentaban tomar parte activa y protag\u00f3nica en la conformaci\u00f3n del reglamento para elegir al pr\u00f3ximo Fiscal General del Estado. Verduga, citando [&hellip;]<\/p>\n","protected":false},"author":3,"featured_media":18072,"comment_status":"open","ping_status":"closed","sticky":false,"template":"","format":"standard","meta":{"_jetpack_memberships_contains_paid_content":false,"footnotes":""},"categories":[13],"tags":[],"class_list":["post-18071","post","type-post","status-publish","format-standard","has-post-thumbnail","hentry","category-noticias-nacionales"],"jetpack_featured_media_url":"https:\/\/radiocresatelital.com\/wp-content\/uploads\/2024\/08\/augusto-verduga.jpg","jetpack_sharing_enabled":true,"_links":{"self":[{"href":"https:\/\/radiocresatelital.com\/index.php?rest_route=\/wp\/v2\/posts\/18071","targetHints":{"allow":["GET"]}}],"collection":[{"href":"https:\/\/radiocresatelital.com\/index.php?rest_route=\/wp\/v2\/posts"}],"about":[{"href":"https:\/\/radiocresatelital.com\/index.php?rest_route=\/wp\/v2\/types\/post"}],"author":[{"embeddable":true,"href":"https:\/\/radiocresatelital.com\/index.php?rest_route=\/wp\/v2\/users\/3"}],"replies":[{"embeddable":true,"href":"https:\/\/radiocresatelital.com\/index.php?rest_route=%2Fwp%2Fv2%2Fcomments&post=18071"}],"version-history":[{"count":1,"href":"https:\/\/radiocresatelital.com\/index.php?rest_route=\/wp\/v2\/posts\/18071\/revisions"}],"predecessor-version":[{"id":18073,"href":"https:\/\/radiocresatelital.com\/index.php?rest_route=\/wp\/v2\/posts\/18071\/revisions\/18073"}],"wp:featuredmedia":[{"embeddable":true,"href":"https:\/\/radiocresatelital.com\/index.php?rest_route=\/wp\/v2\/media\/18072"}],"wp:attachment":[{"href":"https:\/\/radiocresatelital.com\/index.php?rest_route=%2Fwp%2Fv2%2Fmedia&parent=18071"}],"wp:term":[{"taxonomy":"category","embeddable":true,"href":"https:\/\/radiocresatelital.com\/index.php?rest_route=%2Fwp%2Fv2%2Fcategories&post=18071"},{"taxonomy":"post_tag","embeddable":true,"href":"https:\/\/radiocresatelital.com\/index.php?rest_route=%2Fwp%2Fv2%2Ftags&post=18071"}],"curies":[{"name":"wp","href":"https:\/\/api.w.org\/{rel}","templated":true}]}}