{"id":17831,"date":"2024-08-16T19:53:32","date_gmt":"2024-08-16T19:53:32","guid":{"rendered":"https:\/\/radiocresatelital.com\/?p=17831"},"modified":"2024-08-16T19:53:32","modified_gmt":"2024-08-16T19:53:32","slug":"banecuador-lanza-linea-de-microcredito-de-prevencion-de-la-placa-del-moko","status":"publish","type":"post","link":"https:\/\/radiocresatelital.com\/?p=17831","title":{"rendered":"BANECUADOR lanza l\u00ednea de Microcr\u00e9dito de Prevenci\u00f3n de la Placa del Moko"},"content":{"rendered":"<p>Quito.- BanEcuador B.P., consciente de la importancia de la industria bananera y platanera para la econom\u00eda nacional pone a disposici\u00f3n de estos sectores su microcr\u00e9dito productivo para capital de trabajo, orientado a la prevenci\u00f3n de la plaga del moko.<\/p>\n<p>El prop\u00f3sito de esta l\u00ednea crediticia es brindar financiamiento oportuno y directo a peque\u00f1os y medianos productores para que puedan implementar protocolos fitosanitarios y medidas de bioseguridad (garitas, estaciones de limpieza y desinfecci\u00f3n, cerramientos, se\u00f1al\u00e9tica) en sus fincas y unidades productivas, que ayuden a contrarrestar la posible presencia de la enfermedad.<\/p>\n<p>En ese sentido, este producto arrancar\u00e1 con un monto aproximado de 50 millones de d\u00f3lares, que es la demanda inicial estimada por BanEcuador B.P. para la colocaci\u00f3n de microcr\u00e9ditos. El monto tope es de hasta 150 mil d\u00f3lares por solicitante, un plazo m\u00e1ximo de financiamiento de 36 meses, y per\u00edodos de gracia que van desde tres hasta doce meses (dependiendo de la necesidad del cliente).<\/p>\n<p>Esta iniciativa forma parte de las acciones implementadas por el Comit\u00e9 de Prevenci\u00f3n del moko y otras enfermedades, conformado por el Ministerio de Agricultura y Ganader\u00eda (MAG) y AGROCALIDAD.<\/p>\n<p>Con estas acciones, BanEcuador B.P. reafirma su compromiso de brindar asistencia y apoyo financiero con cr\u00e9ditos oportunos que permitan fortalecer el desarrollo econ\u00f3mico y productivo del pa\u00eds.<\/p>\n","protected":false},"excerpt":{"rendered":"<p>Quito.- BanEcuador B.P., consciente de la importancia de la industria bananera y platanera para la econom\u00eda nacional pone a disposici\u00f3n de estos sectores su microcr\u00e9dito productivo para capital de trabajo, orientado a la prevenci\u00f3n de la plaga del moko. El prop\u00f3sito de esta l\u00ednea crediticia es brindar financiamiento oportuno y directo a peque\u00f1os y medianos [&hellip;]<\/p>\n","protected":false},"author":2,"featured_media":17832,"comment_status":"open","ping_status":"closed","sticky":false,"template":"","format":"standard","meta":{"_jetpack_memberships_contains_paid_content":false,"footnotes":""},"categories":[13],"tags":[796],"class_list":["post-17831","post","type-post","status-publish","format-standard","has-post-thumbnail","hentry","category-noticias-nacionales","tag-banecuador"],"jetpack_featured_media_url":"https:\/\/radiocresatelital.com\/wp-content\/uploads\/2024\/08\/WhatsApp-Image-2024-08-16-at-13.28.15.jpeg","jetpack_sharing_enabled":true,"_links":{"self":[{"href":"https:\/\/radiocresatelital.com\/index.php?rest_route=\/wp\/v2\/posts\/17831","targetHints":{"allow":["GET"]}}],"collection":[{"href":"https:\/\/radiocresatelital.com\/index.php?rest_route=\/wp\/v2\/posts"}],"about":[{"href":"https:\/\/radiocresatelital.com\/index.php?rest_route=\/wp\/v2\/types\/post"}],"author":[{"embeddable":true,"href":"https:\/\/radiocresatelital.com\/index.php?rest_route=\/wp\/v2\/users\/2"}],"replies":[{"embeddable":true,"href":"https:\/\/radiocresatelital.com\/index.php?rest_route=%2Fwp%2Fv2%2Fcomments&post=17831"}],"version-history":[{"count":1,"href":"https:\/\/radiocresatelital.com\/index.php?rest_route=\/wp\/v2\/posts\/17831\/revisions"}],"predecessor-version":[{"id":17833,"href":"https:\/\/radiocresatelital.com\/index.php?rest_route=\/wp\/v2\/posts\/17831\/revisions\/17833"}],"wp:featuredmedia":[{"embeddable":true,"href":"https:\/\/radiocresatelital.com\/index.php?rest_route=\/wp\/v2\/media\/17832"}],"wp:attachment":[{"href":"https:\/\/radiocresatelital.com\/index.php?rest_route=%2Fwp%2Fv2%2Fmedia&parent=17831"}],"wp:term":[{"taxonomy":"category","embeddable":true,"href":"https:\/\/radiocresatelital.com\/index.php?rest_route=%2Fwp%2Fv2%2Fcategories&post=17831"},{"taxonomy":"post_tag","embeddable":true,"href":"https:\/\/radiocresatelital.com\/index.php?rest_route=%2Fwp%2Fv2%2Ftags&post=17831"}],"curies":[{"name":"wp","href":"https:\/\/api.w.org\/{rel}","templated":true}]}}