{"id":17816,"date":"2024-08-16T14:58:03","date_gmt":"2024-08-16T14:58:03","guid":{"rendered":"https:\/\/radiocresatelital.com\/?p=17816"},"modified":"2024-08-16T14:58:03","modified_gmt":"2024-08-16T14:58:03","slug":"se-definen-nuevos-binomios","status":"publish","type":"post","link":"https:\/\/radiocresatelital.com\/?p=17816","title":{"rendered":"Se definen nuevos binomios"},"content":{"rendered":"<p>Quito.- El movimiento Acci\u00f3n Movilizadora Independiente Generando Oportunidades (Amigo) eligi\u00f3 a\u00a0 Juan Iv\u00e1n Cueva Vivanco y Cristina Reyes, como el binomio presidencial que los representar\u00e1 para las elecciones del 2025.<\/p>\n<div class=\"paragraph\">\n<p>Vivanco es lojano, de profesi\u00f3n ingeniero en electr\u00f3nica y telecomunicaciones y Reyes, parlamentaria andina, ex legisladora nacional y ex consejal de Guayaquil. Cabe resaltar, que hace un mes, este movimineto pol\u00edtico hab\u00eda presentado como candidato presidencial a Luis Felipe Tiller\u00eda, empresario ecuatoriano y consejal de L\u00f3ndres en el Reino Unido. As\u00ed tambi\u00e9n trascendi\u00f3 que Yaku P\u00e9rez, liderar\u00e1 la lista de asamble\u00edstas por el movimiento Amigo.<\/p>\n<p>Por su parte, la candidata presidencial Andrea Gonz\u00e1lez, present\u00f3 a su binomio con quien correr\u00e1n en las elecciones del 2025 por Sociedad Patri\u00f3tica; el contralmirante (servicio pasivo) Galo Moncayo, Pdte. del C\u00edrculo Militar de las Fuerzas Armadas.<\/p>\n<p>Gonz\u00e1lez fue binomio con Fernado Villavicencio en las anteriores elecciones, es ambientalista y ha formado el movimiento Valiente.<\/p>\n<p>Entre los \u00faltimos binomios, tambi\u00e9n se presentaron Henry Cucal\u00f3n con la comunicadora Carla Larrea y Leonidas Iza junto con Katiuska Molina.<\/p>\n<p>&nbsp;<\/p>\n<div id=\"sunmedia-div\"><\/div>\n<p>&nbsp;<\/p>\n<p>&nbsp;<\/p>\n<p>&nbsp;<\/p>\n<p>&nbsp;<\/p>\n<p>&nbsp;<\/p>\n<p>&nbsp;<\/p>\n<p>&nbsp;<\/p>\n<p>henry cucalon<\/p>\n<\/div>\n<div id=\"twitter-0-0\" class=\"html __select e_0\">\n<blockquote class=\"twitter-tweet\" data-twitter-extracted-i1723818899021582016=\"true\">\n<p dir=\"ltr\" lang=\"es\">\n<\/blockquote>\n<\/div>\n","protected":false},"excerpt":{"rendered":"<p>Quito.- El movimiento Acci\u00f3n Movilizadora Independiente Generando Oportunidades (Amigo) eligi\u00f3 a\u00a0 Juan Iv\u00e1n Cueva Vivanco y Cristina Reyes, como el binomio presidencial que los representar\u00e1 para las elecciones del 2025. Vivanco es lojano, de profesi\u00f3n ingeniero en electr\u00f3nica y telecomunicaciones y Reyes, parlamentaria andina, ex legisladora nacional y ex consejal de Guayaquil. Cabe resaltar, que [&hellip;]<\/p>\n","protected":false},"author":3,"featured_media":17817,"comment_status":"open","ping_status":"closed","sticky":false,"template":"","format":"standard","meta":{"_jetpack_memberships_contains_paid_content":false,"footnotes":""},"categories":[13],"tags":[2836],"class_list":["post-17816","post","type-post","status-publish","format-standard","has-post-thumbnail","hentry","category-noticias-nacionales","tag-binomios"],"jetpack_featured_media_url":"https:\/\/radiocresatelital.com\/wp-content\/uploads\/2024\/08\/andrea-gonzalez-y-galo-moncayo.jpg","jetpack_sharing_enabled":true,"_links":{"self":[{"href":"https:\/\/radiocresatelital.com\/index.php?rest_route=\/wp\/v2\/posts\/17816","targetHints":{"allow":["GET"]}}],"collection":[{"href":"https:\/\/radiocresatelital.com\/index.php?rest_route=\/wp\/v2\/posts"}],"about":[{"href":"https:\/\/radiocresatelital.com\/index.php?rest_route=\/wp\/v2\/types\/post"}],"author":[{"embeddable":true,"href":"https:\/\/radiocresatelital.com\/index.php?rest_route=\/wp\/v2\/users\/3"}],"replies":[{"embeddable":true,"href":"https:\/\/radiocresatelital.com\/index.php?rest_route=%2Fwp%2Fv2%2Fcomments&post=17816"}],"version-history":[{"count":1,"href":"https:\/\/radiocresatelital.com\/index.php?rest_route=\/wp\/v2\/posts\/17816\/revisions"}],"predecessor-version":[{"id":17818,"href":"https:\/\/radiocresatelital.com\/index.php?rest_route=\/wp\/v2\/posts\/17816\/revisions\/17818"}],"wp:featuredmedia":[{"embeddable":true,"href":"https:\/\/radiocresatelital.com\/index.php?rest_route=\/wp\/v2\/media\/17817"}],"wp:attachment":[{"href":"https:\/\/radiocresatelital.com\/index.php?rest_route=%2Fwp%2Fv2%2Fmedia&parent=17816"}],"wp:term":[{"taxonomy":"category","embeddable":true,"href":"https:\/\/radiocresatelital.com\/index.php?rest_route=%2Fwp%2Fv2%2Fcategories&post=17816"},{"taxonomy":"post_tag","embeddable":true,"href":"https:\/\/radiocresatelital.com\/index.php?rest_route=%2Fwp%2Fv2%2Ftags&post=17816"}],"curies":[{"name":"wp","href":"https:\/\/api.w.org\/{rel}","templated":true}]}}