{"id":17810,"date":"2024-08-15T22:38:52","date_gmt":"2024-08-15T22:38:52","guid":{"rendered":"https:\/\/radiocresatelital.com\/?p=17810"},"modified":"2024-08-15T22:38:52","modified_gmt":"2024-08-15T22:38:52","slug":"estado-fortalece-presencia-en-duran-con-iniciativas-para-mejorar-la-calidad-de-vida","status":"publish","type":"post","link":"https:\/\/radiocresatelital.com\/?p=17810","title":{"rendered":"Estado Fortalece presencia en Dur\u00e1n con iniciativas para mejorar la calidad de vida"},"content":{"rendered":"<p>Guayaquil.- La Gobernaci\u00f3n del Guayas, consolida el trabajo en equipo e interinstitucional con la ejecuci\u00f3n de una serie de iniciativas para recuperar al cant\u00f3n Dur\u00e1n, buscando mejorar la calidad de vida de sus habitantes.<\/p>\n<p>En materia de seguridad, el Servicio Integrado de Seguridad ECU 911 ha reforzado su personal operativo y monitorea de manera constante las c\u00e1maras de video vigilancia. Es as\u00ed que del 5 al 11 de agosto se reportaron 931 alertas de incidentes de emergencias, con respuesta r\u00e1pida y efectiva ante situaciones de emergencia.<\/p>\n<p>El Ministerio de Transporte y Obras P\u00fablicas, realiza significativas mejoras en la infraestructura vial del cant\u00f3n Dur\u00e1n, beneficiando directamente a 2&#8217;796.486 usuarios y a 245.574 indirectos en Guayaquil, Dur\u00e1n y Samborond\u00f3n. La conservaci\u00f3n del Complejo de Puentes de la Unidad Nacional incluye fresado y asfaltado, se\u00f1alizaci\u00f3n horizontal, colocaci\u00f3n de juntas de dilataci\u00f3n s\u00edsmica asim\u00e9trica e instalaci\u00f3n de tubo de acero galvanizado en los puntos cr\u00edticos del barandal de los 4 puentes, garantizando una mayor seguridad y eficiencia en el transporte.<\/p>\n<p>En educaci\u00f3n, la Secretaria de Educaci\u00f3n Superior, Ciencia y Tecnolog\u00eda (SENESCYT) con su estrategia \u00abRecuperemos Dur\u00e1n con Educaci\u00f3n\u00bb busca inspirar a los estudiantes a alcanzar sus sue\u00f1os, brind\u00e1ndoles las herramientas y la confianza necesarias para acceder a la educaci\u00f3n superior. Recientemente, 300 estudiantes de bachillerato fueron beneficiados con una charla orientadora para acceder a las universidades e institutos tecnol\u00f3gicos p\u00fablicos, lo que les permitir\u00e1 seguir adelante en su camino hacia el \u00e9xito.<\/p>\n<p>La Subsecretar\u00eda de Educaci\u00f3n del Distrito de Guayaquil &#8211; Zona 8, tambi\u00e9n lleva adelante un plan integral para impulsar la educaci\u00f3n y capacitaci\u00f3n en Dur\u00e1n, en los diferentes escuelas y colegios fiscales, alrededor de 35 del cant\u00f3n Dur\u00e1n, con m\u00e1s de 4500 estudiantes, y docentes beneficiados Por su parte desde el Ministerio de Turismo se han implementado acciones para mejorar la infraestructura y los servicios tur\u00edsticos en la regi\u00f3n, como el seguimiento de la entrega de se\u00f1ales tur\u00edsticas, asesor\u00eda y capacitaci\u00f3n a t\u00e9cnicos de la Jefatura de Turismo, inspecciones a establecimientos tur\u00edsticos y propuestas de capacitaci\u00f3n para j\u00f3venes y emprendedores, lo que busca impulsar el crecimiento econ\u00f3mico y social de la regi\u00f3n.<\/p>\n<p>Desde el Ministerio del Deporte m\u00e1s de 800 personas beneficiadas en diferentes actividades deportivas recreativas, de la mano de actividad f\u00edsica con programas como \u201cvamos a la cancha y Act\u00edvate\u201d.<\/p>\n<p>Mientras tanto la Secretar\u00eda T\u00e9cnica del Comit\u00e9 de Prevenci\u00f3n de Asentamientos Humanos Irregulares, en coordinaci\u00f3n con el gobernador Vicente Auad, implementa un plan integral para recuperar y regularizar el sector Finca Delia en Dur\u00e1n, beneficiando a 2160 familias.<\/p>\n<p>La presencia del Estado en territorio trabaja en la recuperaci\u00f3n de la seguridad, mejoras viales, acceso a la educaci\u00f3n y promoci\u00f3n tur\u00edstica, que beneficien a la poblaci\u00f3n durane\u00f1a con sus iniciativas y capacitaciones, y demostrando su compromiso con el desarrollo de la regi\u00f3n.<\/p>\n<p>El Gobernador Vicente Auad ha reiterado el compromiso del presidente Daniel Noboa Az\u00edn con el desarrollo de Dur\u00e1n a trav\u00e9s de estas acciones estrat\u00e9gicas, que buscan impulsar el crecimiento econ\u00f3mico y social de la regi\u00f3n.<\/p>\n<p>\u201cEstamos comprometidos con la recuperaci\u00f3n integral de Dur\u00e1n, tengan por seguro que no nos doblegaremos ante las intenciones de la delincuencia\u201d, precis\u00f3 Vicente Auad.<\/p>\n","protected":false},"excerpt":{"rendered":"<p>Guayaquil.- La Gobernaci\u00f3n del Guayas, consolida el trabajo en equipo e interinstitucional con la ejecuci\u00f3n de una serie de iniciativas para recuperar al cant\u00f3n Dur\u00e1n, buscando mejorar la calidad de vida de sus habitantes. En materia de seguridad, el Servicio Integrado de Seguridad ECU 911 ha reforzado su personal operativo y monitorea de manera constante [&hellip;]<\/p>\n","protected":false},"author":2,"featured_media":17811,"comment_status":"open","ping_status":"closed","sticky":false,"template":"","format":"standard","meta":{"_jetpack_memberships_contains_paid_content":false,"footnotes":""},"categories":[13],"tags":[964,2212],"class_list":["post-17810","post","type-post","status-publish","format-standard","has-post-thumbnail","hentry","category-noticias-nacionales","tag-gobernacion-del-guayas","tag-vicente-auad"],"jetpack_featured_media_url":"https:\/\/radiocresatelital.com\/wp-content\/uploads\/2024\/08\/WhatsApp-Image-2024-08-15-at-17.28.33.jpeg","jetpack_sharing_enabled":true,"_links":{"self":[{"href":"https:\/\/radiocresatelital.com\/index.php?rest_route=\/wp\/v2\/posts\/17810","targetHints":{"allow":["GET"]}}],"collection":[{"href":"https:\/\/radiocresatelital.com\/index.php?rest_route=\/wp\/v2\/posts"}],"about":[{"href":"https:\/\/radiocresatelital.com\/index.php?rest_route=\/wp\/v2\/types\/post"}],"author":[{"embeddable":true,"href":"https:\/\/radiocresatelital.com\/index.php?rest_route=\/wp\/v2\/users\/2"}],"replies":[{"embeddable":true,"href":"https:\/\/radiocresatelital.com\/index.php?rest_route=%2Fwp%2Fv2%2Fcomments&post=17810"}],"version-history":[{"count":1,"href":"https:\/\/radiocresatelital.com\/index.php?rest_route=\/wp\/v2\/posts\/17810\/revisions"}],"predecessor-version":[{"id":17812,"href":"https:\/\/radiocresatelital.com\/index.php?rest_route=\/wp\/v2\/posts\/17810\/revisions\/17812"}],"wp:featuredmedia":[{"embeddable":true,"href":"https:\/\/radiocresatelital.com\/index.php?rest_route=\/wp\/v2\/media\/17811"}],"wp:attachment":[{"href":"https:\/\/radiocresatelital.com\/index.php?rest_route=%2Fwp%2Fv2%2Fmedia&parent=17810"}],"wp:term":[{"taxonomy":"category","embeddable":true,"href":"https:\/\/radiocresatelital.com\/index.php?rest_route=%2Fwp%2Fv2%2Fcategories&post=17810"},{"taxonomy":"post_tag","embeddable":true,"href":"https:\/\/radiocresatelital.com\/index.php?rest_route=%2Fwp%2Fv2%2Ftags&post=17810"}],"curies":[{"name":"wp","href":"https:\/\/api.w.org\/{rel}","templated":true}]}}