{"id":1780,"date":"2023-08-01T21:02:29","date_gmt":"2023-08-01T21:02:29","guid":{"rendered":"https:\/\/radiocresatelital.com\/?p=1780"},"modified":"2023-08-01T21:02:29","modified_gmt":"2023-08-01T21:02:29","slug":"alcaldia-ciudadana-de-guayaquil-rechaza-comunicado","status":"publish","type":"post","link":"https:\/\/radiocresatelital.com\/?p=1780","title":{"rendered":"Alcald\u00eda Ciudadana de Guayaquil rechaza comunicado"},"content":{"rendered":"<p>Guayaquil.- La Alcald\u00eda Ciudadana de Guayaquil, a trav\u00e9s de la EP DASE, ha enviado un comunicado rechazando la comercializaci\u00f3n il\u00edcita de tablets que fueron entregadas a estudiantes y docentes, en el periodo anterior, como parte del programa \u201cGeneraci\u00f3n Digital\u201d.<\/p>\n<p>A continuaci\u00f3n el comunicado emitido por la Alcald\u00eda Ciudadana de Guayaquil_<\/p>\n<p><img decoding=\"async\" src=\"https:\/\/pbs.twimg.com\/media\/F2duMW7XUAASVDE?format=webp&amp;name=900x900\" alt=\"Imagen\" \/><\/p>\n<p>&nbsp;<\/p>\n","protected":false},"excerpt":{"rendered":"<p>Guayaquil.- La Alcald\u00eda Ciudadana de Guayaquil, a trav\u00e9s de la EP DASE, ha enviado un comunicado rechazando la comercializaci\u00f3n il\u00edcita de tablets que fueron entregadas a estudiantes y docentes, en el periodo anterior, como parte del programa \u201cGeneraci\u00f3n Digital\u201d. A continuaci\u00f3n el comunicado emitido por la Alcald\u00eda Ciudadana de Guayaquil_ &nbsp;<\/p>\n","protected":false},"author":2,"featured_media":1781,"comment_status":"open","ping_status":"closed","sticky":false,"template":"","format":"standard","meta":{"_jetpack_memberships_contains_paid_content":false,"footnotes":""},"categories":[33,13],"tags":[293],"class_list":["post-1780","post","type-post","status-publish","format-standard","has-post-thumbnail","hentry","category-guayaquil","category-noticias-nacionales","tag-alcaldia-de-guayaquil"],"jetpack_featured_media_url":"https:\/\/radiocresatelital.com\/wp-content\/uploads\/2023\/08\/tablet-700x391-1.png","jetpack_sharing_enabled":true,"_links":{"self":[{"href":"https:\/\/radiocresatelital.com\/index.php?rest_route=\/wp\/v2\/posts\/1780","targetHints":{"allow":["GET"]}}],"collection":[{"href":"https:\/\/radiocresatelital.com\/index.php?rest_route=\/wp\/v2\/posts"}],"about":[{"href":"https:\/\/radiocresatelital.com\/index.php?rest_route=\/wp\/v2\/types\/post"}],"author":[{"embeddable":true,"href":"https:\/\/radiocresatelital.com\/index.php?rest_route=\/wp\/v2\/users\/2"}],"replies":[{"embeddable":true,"href":"https:\/\/radiocresatelital.com\/index.php?rest_route=%2Fwp%2Fv2%2Fcomments&post=1780"}],"version-history":[{"count":1,"href":"https:\/\/radiocresatelital.com\/index.php?rest_route=\/wp\/v2\/posts\/1780\/revisions"}],"predecessor-version":[{"id":1782,"href":"https:\/\/radiocresatelital.com\/index.php?rest_route=\/wp\/v2\/posts\/1780\/revisions\/1782"}],"wp:featuredmedia":[{"embeddable":true,"href":"https:\/\/radiocresatelital.com\/index.php?rest_route=\/wp\/v2\/media\/1781"}],"wp:attachment":[{"href":"https:\/\/radiocresatelital.com\/index.php?rest_route=%2Fwp%2Fv2%2Fmedia&parent=1780"}],"wp:term":[{"taxonomy":"category","embeddable":true,"href":"https:\/\/radiocresatelital.com\/index.php?rest_route=%2Fwp%2Fv2%2Fcategories&post=1780"},{"taxonomy":"post_tag","embeddable":true,"href":"https:\/\/radiocresatelital.com\/index.php?rest_route=%2Fwp%2Fv2%2Ftags&post=1780"}],"curies":[{"name":"wp","href":"https:\/\/api.w.org\/{rel}","templated":true}]}}