{"id":1767,"date":"2023-08-01T18:05:40","date_gmt":"2023-08-01T18:05:40","guid":{"rendered":"https:\/\/radiocresatelital.com\/?p=1767"},"modified":"2023-08-01T18:06:29","modified_gmt":"2023-08-01T18:06:29","slug":"ley-del-fenomeno-del-nino-y-fiscalizacion-severa-prioridades-de-la-candidata-evelyn-montalvan","status":"publish","type":"post","link":"https:\/\/radiocresatelital.com\/?p=1767","title":{"rendered":"Ley del Fen\u00f3meno del Ni\u00f1o y Fiscalizaci\u00f3n severa, prioridades de la candidata Evelyn Montalv\u00e1n"},"content":{"rendered":"<p><em><strong>Por Lic. Patricia Giler<\/strong><\/em><\/p>\n<p>Guayaquil.- La Ley que permitir\u00e1 enfrentar dentro de muy poco tiempo el Fen\u00f3meno del Ni\u00f1o, es la prioridad para Evelyn Montalv\u00e1n, candidata a la Asamblea Nacional por Guayas, distrito 2, por el movimiento Actuemos, pues considera que hay miles de familias que se encuentran en condici\u00f3n de vulnerabilidad, \u201cLas actuales autoridades deben tomar medidas inmediatas, ya que, si no se hacen desalojos y reubicaciones desde ahora, estaremos frente a una tragedia en los pr\u00f3ximos d\u00edas, asever\u00f3.<\/p>\n<p>Montalv\u00e1n, ha palpado diversas problem\u00e1ticas en sus recorridos, especialmente por el noroeste de Guayaquil, uno de ellos es la necesidad de legalizar los terrenos de las familias que all\u00ed habitan, para lo cual habr\u00eda que realizar una reforma a la Ley 88, lo que les permitir\u00eda ordenar la situaci\u00f3n legal de sus casas y por lo tanto acceder de forma correcta a los servicios b\u00e1sicos.<\/p>\n<p>En otro tema, se refiri\u00f3 a la necesidad de fiscalizar de forma severa desde la Asamblea, pues considera que es la \u00fanica manera de obligar a las autoridades a que cumplan con su deber de manera oportuna.<\/p>\n<p>Para ello, dicha fiscalizaci\u00f3n se debe ejercer desde territorio y no detr\u00e1s de un escritorio, sistema que, a su criterio, deben utilizar los asamble\u00edstas no solo para fiscalizar sino para construir las leyes, traslad\u00e1ndose a los sectores involucrados y no solo desde su curul.<\/p>\n","protected":false},"excerpt":{"rendered":"<p>Por Lic. Patricia Giler Guayaquil.- La Ley que permitir\u00e1 enfrentar dentro de muy poco tiempo el Fen\u00f3meno del Ni\u00f1o, es la prioridad para Evelyn Montalv\u00e1n, candidata a la Asamblea Nacional por Guayas, distrito 2, por el movimiento Actuemos, pues considera que hay miles de familias que se encuentran en condici\u00f3n de vulnerabilidad, \u201cLas actuales autoridades [&hellip;]<\/p>\n","protected":false},"author":2,"featured_media":1768,"comment_status":"open","ping_status":"closed","sticky":false,"template":"","format":"standard","meta":{"_jetpack_memberships_contains_paid_content":false,"footnotes":""},"categories":[13],"tags":[409],"class_list":["post-1767","post","type-post","status-publish","format-standard","has-post-thumbnail","hentry","category-noticias-nacionales","tag-evelyn-montalvan"],"jetpack_featured_media_url":"https:\/\/radiocresatelital.com\/wp-content\/uploads\/2023\/08\/WhatsApp-Image-2021-08-05-at-17.02.36.jpeg","jetpack_sharing_enabled":true,"_links":{"self":[{"href":"https:\/\/radiocresatelital.com\/index.php?rest_route=\/wp\/v2\/posts\/1767","targetHints":{"allow":["GET"]}}],"collection":[{"href":"https:\/\/radiocresatelital.com\/index.php?rest_route=\/wp\/v2\/posts"}],"about":[{"href":"https:\/\/radiocresatelital.com\/index.php?rest_route=\/wp\/v2\/types\/post"}],"author":[{"embeddable":true,"href":"https:\/\/radiocresatelital.com\/index.php?rest_route=\/wp\/v2\/users\/2"}],"replies":[{"embeddable":true,"href":"https:\/\/radiocresatelital.com\/index.php?rest_route=%2Fwp%2Fv2%2Fcomments&post=1767"}],"version-history":[{"count":2,"href":"https:\/\/radiocresatelital.com\/index.php?rest_route=\/wp\/v2\/posts\/1767\/revisions"}],"predecessor-version":[{"id":1770,"href":"https:\/\/radiocresatelital.com\/index.php?rest_route=\/wp\/v2\/posts\/1767\/revisions\/1770"}],"wp:featuredmedia":[{"embeddable":true,"href":"https:\/\/radiocresatelital.com\/index.php?rest_route=\/wp\/v2\/media\/1768"}],"wp:attachment":[{"href":"https:\/\/radiocresatelital.com\/index.php?rest_route=%2Fwp%2Fv2%2Fmedia&parent=1767"}],"wp:term":[{"taxonomy":"category","embeddable":true,"href":"https:\/\/radiocresatelital.com\/index.php?rest_route=%2Fwp%2Fv2%2Fcategories&post=1767"},{"taxonomy":"post_tag","embeddable":true,"href":"https:\/\/radiocresatelital.com\/index.php?rest_route=%2Fwp%2Fv2%2Ftags&post=1767"}],"curies":[{"name":"wp","href":"https:\/\/api.w.org\/{rel}","templated":true}]}}