{"id":17546,"date":"2024-08-08T16:45:22","date_gmt":"2024-08-08T16:45:22","guid":{"rendered":"https:\/\/radiocresatelital.com\/?p=17546"},"modified":"2024-08-08T16:45:22","modified_gmt":"2024-08-08T16:45:22","slug":"se-archiva-juicio-politico-contra-la-canciller-gabriela-sommerfeld","status":"publish","type":"post","link":"https:\/\/radiocresatelital.com\/?p=17546","title":{"rendered":"Se archiva juicio pol\u00edtico contra la Canciller Gabriela Sommerfeld"},"content":{"rendered":"<p>Quito.- Con 76 votos a favor, el juicio pol\u00edtico contra la Canciller Gabriela Sommerfeld, qued\u00f3 archivado esta ma\u00f1ana en la Asamblea Nacinal.<\/p>\n<p>En la sesi\u00f3n N. 953, el Pleno de la Asamblea, trat\u00f3 el juicio pol\u00edtico contra la Ministra de Relaciones Exteriores, acusada por la invasi\u00f3n a la Embajada de M\u00e9xico en Ecuador el 5 de Abril. Ya algunos partidos pol\u00edticos se hab\u00edan pronunciado en contra de este enjuiciamiento, puesto que consideraban que iba en detrimento del pa\u00eds, toda vez que fortalec\u00eda la posici\u00f3n de M\u00e9xico en su demanda contra nuestro pa\u00eds en La Haya.<\/p>\n<p><img decoding=\"async\" src=\"https:\/\/pbs.twimg.com\/media\/GUeMA3EWMAAB_Dt?format=jpg&amp;name=large\" alt=\"Imagen\" \/><\/p>\n","protected":false},"excerpt":{"rendered":"<p>Quito.- Con 76 votos a favor, el juicio pol\u00edtico contra la Canciller Gabriela Sommerfeld, qued\u00f3 archivado esta ma\u00f1ana en la Asamblea Nacinal. En la sesi\u00f3n N. 953, el Pleno de la Asamblea, trat\u00f3 el juicio pol\u00edtico contra la Ministra de Relaciones Exteriores, acusada por la invasi\u00f3n a la Embajada de M\u00e9xico en Ecuador el 5 [&hellip;]<\/p>\n","protected":false},"author":3,"featured_media":10497,"comment_status":"open","ping_status":"closed","sticky":false,"template":"","format":"standard","meta":{"_jetpack_memberships_contains_paid_content":false,"footnotes":""},"categories":[13],"tags":[],"class_list":["post-17546","post","type-post","status-publish","format-standard","has-post-thumbnail","hentry","category-noticias-nacionales"],"jetpack_featured_media_url":"https:\/\/radiocresatelital.com\/wp-content\/uploads\/2024\/02\/gabriela-sommerfeld.jpeg","jetpack_sharing_enabled":true,"_links":{"self":[{"href":"https:\/\/radiocresatelital.com\/index.php?rest_route=\/wp\/v2\/posts\/17546","targetHints":{"allow":["GET"]}}],"collection":[{"href":"https:\/\/radiocresatelital.com\/index.php?rest_route=\/wp\/v2\/posts"}],"about":[{"href":"https:\/\/radiocresatelital.com\/index.php?rest_route=\/wp\/v2\/types\/post"}],"author":[{"embeddable":true,"href":"https:\/\/radiocresatelital.com\/index.php?rest_route=\/wp\/v2\/users\/3"}],"replies":[{"embeddable":true,"href":"https:\/\/radiocresatelital.com\/index.php?rest_route=%2Fwp%2Fv2%2Fcomments&post=17546"}],"version-history":[{"count":1,"href":"https:\/\/radiocresatelital.com\/index.php?rest_route=\/wp\/v2\/posts\/17546\/revisions"}],"predecessor-version":[{"id":17547,"href":"https:\/\/radiocresatelital.com\/index.php?rest_route=\/wp\/v2\/posts\/17546\/revisions\/17547"}],"wp:featuredmedia":[{"embeddable":true,"href":"https:\/\/radiocresatelital.com\/index.php?rest_route=\/wp\/v2\/media\/10497"}],"wp:attachment":[{"href":"https:\/\/radiocresatelital.com\/index.php?rest_route=%2Fwp%2Fv2%2Fmedia&parent=17546"}],"wp:term":[{"taxonomy":"category","embeddable":true,"href":"https:\/\/radiocresatelital.com\/index.php?rest_route=%2Fwp%2Fv2%2Fcategories&post=17546"},{"taxonomy":"post_tag","embeddable":true,"href":"https:\/\/radiocresatelital.com\/index.php?rest_route=%2Fwp%2Fv2%2Ftags&post=17546"}],"curies":[{"name":"wp","href":"https:\/\/api.w.org\/{rel}","templated":true}]}}