{"id":17542,"date":"2024-08-08T16:38:03","date_gmt":"2024-08-08T16:38:03","guid":{"rendered":"https:\/\/radiocresatelital.com\/?p=17542"},"modified":"2024-08-08T16:38:03","modified_gmt":"2024-08-08T16:38:03","slug":"los-5-movimientos-politicos-de-izquierda-que-estamos-conversando-deben-verse-reflejados-en-las-listas-de-candidatos-andres-arauz","status":"publish","type":"post","link":"https:\/\/radiocresatelital.com\/?p=17542","title":{"rendered":"Los 5 movimientos pol\u00edticos de izquierda que estamos conversando deben verse reflejados en las listas de candidatos, Andr\u00e9s Ar\u00e1uz"},"content":{"rendered":"<p>Quito.- El acuerdo de las 5 fuerzas pol\u00edticas de la izquierda se debe ver reflejado en el binomio presidencial y en la lista de asambleistas nacionales, en lo referente a los asambleistas provinciales, cada movimiento tiene que presentar sus propias listas, aunque no descartamos que tambi\u00e9n haya acuerdos.<\/p>\n<p>La compa\u00f1era Luisa Gonz\u00e1lez, me delego para representarla en las siguientes reuniones, aspiramos tener concretada una alianza a fines de mes, incluso podr\u00edamos tener un anuncio importante el pr\u00f3ximo s\u00e1bado, sino, no hay problema porque preferimos dar pasos firmes y el plazo corre hasta el 30 de Agosto.<\/p>\n<p>Por \u00faltimo, Ar\u00e1uz recalc\u00f3 que los plazos oficiales terminan el 3o de septiembre.<\/p>\n<div style=\"width: 640px;\" class=\"wp-video\"><video class=\"wp-video-shortcode\" id=\"video-17542-1\" width=\"640\" height=\"364\" preload=\"metadata\" controls=\"controls\"><source type=\"video\/mp4\" src=\"https:\/\/radiocresatelital.com\/wp-content\/uploads\/2024\/08\/3QTPhak0Y5LKDtrd.mp4?_=1\" \/><a href=\"https:\/\/radiocresatelital.com\/wp-content\/uploads\/2024\/08\/3QTPhak0Y5LKDtrd.mp4\">https:\/\/radiocresatelital.com\/wp-content\/uploads\/2024\/08\/3QTPhak0Y5LKDtrd.mp4<\/a><\/video><\/div>\n","protected":false},"excerpt":{"rendered":"<p>Quito.- El acuerdo de las 5 fuerzas pol\u00edticas de la izquierda se debe ver reflejado en el binomio presidencial y en la lista de asambleistas nacionales, en lo referente a los asambleistas provinciales, cada movimiento tiene que presentar sus propias listas, aunque no descartamos que tambi\u00e9n haya acuerdos. La compa\u00f1era Luisa Gonz\u00e1lez, me delego para [&hellip;]<\/p>\n","protected":false},"author":3,"featured_media":2068,"comment_status":"open","ping_status":"closed","sticky":false,"template":"","format":"standard","meta":{"_jetpack_memberships_contains_paid_content":false,"footnotes":""},"categories":[13],"tags":[2801],"class_list":["post-17542","post","type-post","status-publish","format-standard","has-post-thumbnail","hentry","category-noticias-nacionales","tag-izquierda"],"jetpack_featured_media_url":"https:\/\/radiocresatelital.com\/wp-content\/uploads\/2023\/08\/arauz.png","jetpack_sharing_enabled":true,"_links":{"self":[{"href":"https:\/\/radiocresatelital.com\/index.php?rest_route=\/wp\/v2\/posts\/17542","targetHints":{"allow":["GET"]}}],"collection":[{"href":"https:\/\/radiocresatelital.com\/index.php?rest_route=\/wp\/v2\/posts"}],"about":[{"href":"https:\/\/radiocresatelital.com\/index.php?rest_route=\/wp\/v2\/types\/post"}],"author":[{"embeddable":true,"href":"https:\/\/radiocresatelital.com\/index.php?rest_route=\/wp\/v2\/users\/3"}],"replies":[{"embeddable":true,"href":"https:\/\/radiocresatelital.com\/index.php?rest_route=%2Fwp%2Fv2%2Fcomments&post=17542"}],"version-history":[{"count":1,"href":"https:\/\/radiocresatelital.com\/index.php?rest_route=\/wp\/v2\/posts\/17542\/revisions"}],"predecessor-version":[{"id":17544,"href":"https:\/\/radiocresatelital.com\/index.php?rest_route=\/wp\/v2\/posts\/17542\/revisions\/17544"}],"wp:featuredmedia":[{"embeddable":true,"href":"https:\/\/radiocresatelital.com\/index.php?rest_route=\/wp\/v2\/media\/2068"}],"wp:attachment":[{"href":"https:\/\/radiocresatelital.com\/index.php?rest_route=%2Fwp%2Fv2%2Fmedia&parent=17542"}],"wp:term":[{"taxonomy":"category","embeddable":true,"href":"https:\/\/radiocresatelital.com\/index.php?rest_route=%2Fwp%2Fv2%2Fcategories&post=17542"},{"taxonomy":"post_tag","embeddable":true,"href":"https:\/\/radiocresatelital.com\/index.php?rest_route=%2Fwp%2Fv2%2Ftags&post=17542"}],"curies":[{"name":"wp","href":"https:\/\/api.w.org\/{rel}","templated":true}]}}