{"id":1752,"date":"2023-08-01T16:44:09","date_gmt":"2023-08-01T16:44:09","guid":{"rendered":"https:\/\/radiocresatelital.com\/?p=1752"},"modified":"2023-08-01T16:44:09","modified_gmt":"2023-08-01T16:44:09","slug":"empresarios-piden-trabajar-sobre-causas-y-efectos-de-la-inseguridad","status":"publish","type":"post","link":"https:\/\/radiocresatelital.com\/?p=1752","title":{"rendered":"Empresarios piden trabajar sobre causas y efectos de la inseguridad"},"content":{"rendered":"<p><em><strong>Autor: Lic. Patricia Giler<\/strong><\/em><\/p>\n<p>Guayaquil.- Ante el incremento de delitos que afectan al sector productivo como \u00abvacunas\u00bb, secuestros, amenazas, robos, explosivos en los comercios, etc, el presidente del Comit\u00e9 Empresarial Ecuatoriano se pronunci\u00f3 en torno a lo que considera importante para bajar los \u00edndices delictivos.<\/p>\n<p>El Ing. Miguel \u00c1ngel Gonz\u00e1lez , asegur\u00f3 que para acabar con la inseguridad hay que trabajar principalmente sobre los factores que la originan como son las condiciones de pobreza, marginaci\u00f3n, falta de oportunidades que experimenta una gran parte de la sociedad.<\/p>\n<p>Sin embargo, acot\u00f3 que es fundamental trabajar tambi\u00e9n sobre los efectos de la inseguridad, que son por los que la sociedad se queja desesperadamente; para combatir dichos efectos es necesario fortalecer la polic\u00eda, las unidades especiales, el sistema de inteligencia -tan venido a menos en los \u00faltimos a\u00f1os- sumar una participaci\u00f3n m\u00e1s activa de las fuerzas armadas.<\/p>\n<p>Finalmente resalt\u00f3, que trabajar sobre una sola de las variantes no va a resolver el problema, por ello es necesario planificar un trabajo a la par, a fin de obtener resultados de larga duraci\u00f3n y no que solo calmen moment\u00e1neamente a la ciudadan\u00eda<\/p>\n","protected":false},"excerpt":{"rendered":"<p>Autor: Lic. Patricia Giler Guayaquil.- Ante el incremento de delitos que afectan al sector productivo como \u00abvacunas\u00bb, secuestros, amenazas, robos, explosivos en los comercios, etc, el presidente del Comit\u00e9 Empresarial Ecuatoriano se pronunci\u00f3 en torno a lo que considera importante para bajar los \u00edndices delictivos. El Ing. Miguel \u00c1ngel Gonz\u00e1lez , asegur\u00f3 que para acabar [&hellip;]<\/p>\n","protected":false},"author":2,"featured_media":1753,"comment_status":"open","ping_status":"closed","sticky":false,"template":"","format":"standard","meta":{"_jetpack_memberships_contains_paid_content":false,"footnotes":""},"categories":[13],"tags":[406],"class_list":["post-1752","post","type-post","status-publish","format-standard","has-post-thumbnail","hentry","category-noticias-nacionales","tag-comite-empresarial-ecuatoriano"],"jetpack_featured_media_url":"https:\/\/radiocresatelital.com\/wp-content\/uploads\/2023\/08\/KQ5LM2VOVVGWROQIHCYWVZGSBA.jpg","jetpack_sharing_enabled":true,"_links":{"self":[{"href":"https:\/\/radiocresatelital.com\/index.php?rest_route=\/wp\/v2\/posts\/1752","targetHints":{"allow":["GET"]}}],"collection":[{"href":"https:\/\/radiocresatelital.com\/index.php?rest_route=\/wp\/v2\/posts"}],"about":[{"href":"https:\/\/radiocresatelital.com\/index.php?rest_route=\/wp\/v2\/types\/post"}],"author":[{"embeddable":true,"href":"https:\/\/radiocresatelital.com\/index.php?rest_route=\/wp\/v2\/users\/2"}],"replies":[{"embeddable":true,"href":"https:\/\/radiocresatelital.com\/index.php?rest_route=%2Fwp%2Fv2%2Fcomments&post=1752"}],"version-history":[{"count":1,"href":"https:\/\/radiocresatelital.com\/index.php?rest_route=\/wp\/v2\/posts\/1752\/revisions"}],"predecessor-version":[{"id":1754,"href":"https:\/\/radiocresatelital.com\/index.php?rest_route=\/wp\/v2\/posts\/1752\/revisions\/1754"}],"wp:featuredmedia":[{"embeddable":true,"href":"https:\/\/radiocresatelital.com\/index.php?rest_route=\/wp\/v2\/media\/1753"}],"wp:attachment":[{"href":"https:\/\/radiocresatelital.com\/index.php?rest_route=%2Fwp%2Fv2%2Fmedia&parent=1752"}],"wp:term":[{"taxonomy":"category","embeddable":true,"href":"https:\/\/radiocresatelital.com\/index.php?rest_route=%2Fwp%2Fv2%2Fcategories&post=1752"},{"taxonomy":"post_tag","embeddable":true,"href":"https:\/\/radiocresatelital.com\/index.php?rest_route=%2Fwp%2Fv2%2Ftags&post=1752"}],"curies":[{"name":"wp","href":"https:\/\/api.w.org\/{rel}","templated":true}]}}