{"id":17497,"date":"2024-08-07T20:49:39","date_gmt":"2024-08-07T20:49:39","guid":{"rendered":"https:\/\/radiocresatelital.com\/?p=17497"},"modified":"2024-08-07T20:49:39","modified_gmt":"2024-08-07T20:49:39","slug":"hospital-teofilo-davila-celebra-la-semana-mundial-de-la-lactancia-materna","status":"publish","type":"post","link":"https:\/\/radiocresatelital.com\/?p=17497","title":{"rendered":"Hospital Te\u00f3filo D\u00e1vila celebra la Semana Mundial de la Lactancia Materna"},"content":{"rendered":"<p>Machala.- Con mesas informativas, stands, folletos, recursos educativos, charlas y demostraci\u00f3n de t\u00e9cnicas de amamantamiento, Hospital Te\u00f3filo D\u00e1vila celebra la Semana Mundial de la Lactancia Materna bajo el lema: \u00abCerrando la brecha, Apoyo a la lactancia materna para todos\u00bb.<\/p>\n<p>La leche materna es el alimento ideal para los lactantes. Es segura y limpia y contiene anticuerpos que protegen de muchas enfermedades propias de la infancia. Adem\u00e1s, suministra toda la energ\u00eda y nutrientes que una criatura necesita durante los primeros meses de vida, y contin\u00faa aportando hasta la mitad o m\u00e1s de las necesidades nutricionales de un ni\u00f1o durante la segunda mitad del primer a\u00f1o, y hasta un tercio durante el segundo a\u00f1o.<\/p>\n<p>Enma Cueva, especialista en lactancia materna, se\u00f1al\u00f3 que del 01 al 07 de agosto de todos los a\u00f1os se celebra el D\u00eda Mundial de la Lactancia Materna, donde se busca promover el apoyo a lactancia materna con el objetivo de cerrar la brecha que hay en todas las \u00e1reas y todos los niveles.<\/p>\n<p>\u201cSi no hay una buena lactancia materna, \u00e9l beb\u00e9 podr\u00eda sufrir de hipoglucemia es decir que se bajan los niveles de glucosa del beb\u00e9, el cual puede presentar convulsiones o dificultad respiratoria, complicaciones por las que son hospitalizados\u201d, dijo Cueva.<\/p>\n<p>As\u00ed mismo, la profesional de la salud destac\u00f3 las bondades de la Lactancia Materna, la cual permite proteger a la madre del c\u00e1ncer de ovario y del c\u00e1ncer de mama. Los beneficios para el beb\u00e9 es que ayuda a reducir las enfermedades de la infancia como las neumon\u00edas y reduce la mortalidad neonatal dentro de los primeros cinco a\u00f1os. A largo plazo reduce las enfermedades como la diabetes y la hipertensi\u00f3n.<\/p>\n<p>En las \u00e1reas de Neonatolog\u00eda, Ginecolog\u00eda y Obstetricia, Pediatr\u00eda y Emergencia, se desarrollan diariamente actividades que promueven el apego de madre a hijo a trav\u00e9s de la lactancia materna.<\/p>\n<p>El \u00c1rea de Ginecolog\u00eda organiz\u00f3 un evento para promover la Lactancia Materna, para lo cual Sandra Pacheco, responsable del servicio de Ginecolog\u00eda y Obstetricia explic\u00f3 qu\u00e9 es la lactancia materna, mientras que Enma Cueva, especialista en lactancia materna, destac\u00f3 su importancia. Adem\u00e1s, se realizaron actividades l\u00fadicas para las mam\u00e1s lactantes hospitalizadas.<\/p>\n<p>Seg\u00fan las estad\u00edsticas Hospital Te\u00f3filo D\u00e1vila atiende un promedio de cinco partos por d\u00eda y 150 mensuales en el \u00c1rea de Gineco\/obstetricia de esta casa de salud que cuenta con un espacio para 30 camas.<\/p>\n","protected":false},"excerpt":{"rendered":"<p>Machala.- Con mesas informativas, stands, folletos, recursos educativos, charlas y demostraci\u00f3n de t\u00e9cnicas de amamantamiento, Hospital Te\u00f3filo D\u00e1vila celebra la Semana Mundial de la Lactancia Materna bajo el lema: \u00abCerrando la brecha, Apoyo a la lactancia materna para todos\u00bb. La leche materna es el alimento ideal para los lactantes. Es segura y limpia y contiene [&hellip;]<\/p>\n","protected":false},"author":2,"featured_media":17498,"comment_status":"open","ping_status":"closed","sticky":false,"template":"","format":"standard","meta":{"_jetpack_memberships_contains_paid_content":false,"footnotes":""},"categories":[13],"tags":[448],"class_list":["post-17497","post","type-post","status-publish","format-standard","has-post-thumbnail","hentry","category-noticias-nacionales","tag-hospital-teofilo-davila"],"jetpack_featured_media_url":"https:\/\/radiocresatelital.com\/wp-content\/uploads\/2024\/08\/WhatsApp-Image-2024-08-07-at-15.09.33.jpeg","jetpack_sharing_enabled":true,"_links":{"self":[{"href":"https:\/\/radiocresatelital.com\/index.php?rest_route=\/wp\/v2\/posts\/17497","targetHints":{"allow":["GET"]}}],"collection":[{"href":"https:\/\/radiocresatelital.com\/index.php?rest_route=\/wp\/v2\/posts"}],"about":[{"href":"https:\/\/radiocresatelital.com\/index.php?rest_route=\/wp\/v2\/types\/post"}],"author":[{"embeddable":true,"href":"https:\/\/radiocresatelital.com\/index.php?rest_route=\/wp\/v2\/users\/2"}],"replies":[{"embeddable":true,"href":"https:\/\/radiocresatelital.com\/index.php?rest_route=%2Fwp%2Fv2%2Fcomments&post=17497"}],"version-history":[{"count":1,"href":"https:\/\/radiocresatelital.com\/index.php?rest_route=\/wp\/v2\/posts\/17497\/revisions"}],"predecessor-version":[{"id":17499,"href":"https:\/\/radiocresatelital.com\/index.php?rest_route=\/wp\/v2\/posts\/17497\/revisions\/17499"}],"wp:featuredmedia":[{"embeddable":true,"href":"https:\/\/radiocresatelital.com\/index.php?rest_route=\/wp\/v2\/media\/17498"}],"wp:attachment":[{"href":"https:\/\/radiocresatelital.com\/index.php?rest_route=%2Fwp%2Fv2%2Fmedia&parent=17497"}],"wp:term":[{"taxonomy":"category","embeddable":true,"href":"https:\/\/radiocresatelital.com\/index.php?rest_route=%2Fwp%2Fv2%2Fcategories&post=17497"},{"taxonomy":"post_tag","embeddable":true,"href":"https:\/\/radiocresatelital.com\/index.php?rest_route=%2Fwp%2Fv2%2Ftags&post=17497"}],"curies":[{"name":"wp","href":"https:\/\/api.w.org\/{rel}","templated":true}]}}