{"id":17494,"date":"2024-08-07T20:47:46","date_gmt":"2024-08-07T20:47:46","guid":{"rendered":"https:\/\/radiocresatelital.com\/?p=17494"},"modified":"2024-08-07T20:47:46","modified_gmt":"2024-08-07T20:47:46","slug":"el-9-de-octubre-inicia-destino-de-luz-para-proyectar-a-la-catedral-de-guayaquil-al-turismo-y-al-mundo","status":"publish","type":"post","link":"https:\/\/radiocresatelital.com\/?p=17494","title":{"rendered":"El 9 de octubre inicia Destino de Luz para proyectar a la Catedral de Guayaquil al turismo y al mundo"},"content":{"rendered":"<p><span style=\"font-weight: 400;\">Guayaquil.- La primera etapa del proyecto Destino de Luz entr\u00f3 en su recta final. La iniciativa de la Arquidi\u00f3cesis de Guayaquil para abrir a la Catedral de San Pedro al turismo local, nacional e internacional cuenta con el apoyo y financiamiento de la Prefectura Ciudadana del Guayas.<\/span><\/p>\n<p><span style=\"font-weight: 400;\">La ma\u00f1ana de este mi\u00e9rcoles, 7 de agosto, la prefecta Marcela Agui\u00f1aga particip\u00f3 en una rueda de prensa y en un recorrido para evidenciar el avance de la obra, junto al arzobispo de Guayaquil, Luis Cabrera; el rector de la Catedral, Francisco Sojos; y auspiciantes de la empresa privada.\u00a0<\/span><\/p>\n<p><span style=\"font-weight: 400;\">El avance de la primera etapa, denominada corredor Por los Santos a las Alturas, es del 75%. Al momento, se le ha dado mantenimiento al \u00e1rea del coro; se ha construido un corredor para acceder a la parte alta del templo y a sus hermosos vitrales y, en un futuro no muy lejano, tambi\u00e9n, a las torres, a la c\u00fapula, a los campanarios y al segundo balc\u00f3n que sirve como un mirador de la ciudad. Tambi\u00e9n contar\u00e1 con un museo y una cafeter\u00eda.<\/span><\/p>\n<p><span style=\"font-weight: 400;\">Los recorridos empezar\u00e1n el 9 de octubre. El acceso tendr\u00e1 un costo de 3 d\u00f3lares para el p\u00fablico en general, y de USD 1,50 para ni\u00f1os y personas de la tercera edad. Desde ese d\u00eda hasta enero de 2025 tambi\u00e9n se presentar\u00e1 en El Sagrario el Bel\u00e9n M\u00e1gico, catalogado como el m\u00e1s grande de Sudam\u00e9rica y que consiste en una experiencia interactiva del nacimiento de Jes\u00fas.<\/span><\/p>\n<p><span style=\"font-weight: 400;\">La prefecta Marcela Agui\u00f1aga mencion\u00f3 que el aporte de la instituci\u00f3n es de 360.000 d\u00f3lares en esta primera etapa, y se enmarca en el apoyo al turismo, que es una de los sectores productivos del pa\u00eds m\u00e1s golpeados por la inseguridad y la crisis econ\u00f3mica. \u201cNo solo miramos a la Catedral como un edificio, sino tambi\u00e9n como un espacio que representa nuestra historia, nuestra cultura y nuestra idiosincrasia. Este proyecto le devuelve la esperanza al centro de Guayaquil\u201d.<\/span><\/p>\n<p><span style=\"font-weight: 400;\">A ello sum\u00f3 el trabajo en la Mesa de Seguridad, identificando puntos seguros para los visitantes y con los corredores viales. \u201cEs indispensable invertir en Guayaquil\u2026 Vamos a hacer inversiones importantes en el \u00e1mbito de seguridad, acompa\u00f1amiento, inversi\u00f3n tecnol\u00f3gica, que le permita al turista tener una visita placentera\u201d, ratific\u00f3 la ejecutiva guayasense.\u00a0<\/span><\/p>\n<p><span style=\"font-weight: 400;\">Sojos, por su parte, destac\u00f3 que la presentaci\u00f3n de los avances se realiza durante la celebraci\u00f3n de Un Siglo de Fe, el nombre que se le ha dado a la recordaci\u00f3n de los 100 a\u00f1os de la colocaci\u00f3n de la primera piedra del actual edificio de la Catedral, que se dio el 10 de agosto de 1924. \u201cEstamos ante el inicio de una nueva etapa, para abrir las puertas y que todo aquel que la visite pueda acceder a los rincones escondidos\u201d.<\/span><\/p>\n<p><span style=\"font-weight: 400;\">Desde el 9 de octubre, los turistas locales y extranjeros podr\u00e1n recorrer sitios nunca antes vistos de la Catedral, a trav\u00e9s del proyecto Destino de Luz, que realiza la Arquidi\u00f3cesis de Guayaquil con el apoyo de la Prefectura Ciudadana del Guayas.<\/span><\/p>\n","protected":false},"excerpt":{"rendered":"<p>Guayaquil.- La primera etapa del proyecto Destino de Luz entr\u00f3 en su recta final. La iniciativa de la Arquidi\u00f3cesis de Guayaquil para abrir a la Catedral de San Pedro al turismo local, nacional e internacional cuenta con el apoyo y financiamiento de la Prefectura Ciudadana del Guayas. La ma\u00f1ana de este mi\u00e9rcoles, 7 de agosto, [&hellip;]<\/p>\n","protected":false},"author":2,"featured_media":17495,"comment_status":"open","ping_status":"closed","sticky":false,"template":"","format":"standard","meta":{"_jetpack_memberships_contains_paid_content":false,"footnotes":""},"categories":[13],"tags":[248,415],"class_list":["post-17494","post","type-post","status-publish","format-standard","has-post-thumbnail","hentry","category-noticias-nacionales","tag-marcela-aguinaga","tag-prefectura-ciudadana-del-guayas"],"jetpack_featured_media_url":"https:\/\/radiocresatelital.com\/wp-content\/uploads\/2024\/08\/WhatsApp-Image-2024-08-07-at-12.54.56-PM1-scaled.jpeg","jetpack_sharing_enabled":true,"_links":{"self":[{"href":"https:\/\/radiocresatelital.com\/index.php?rest_route=\/wp\/v2\/posts\/17494","targetHints":{"allow":["GET"]}}],"collection":[{"href":"https:\/\/radiocresatelital.com\/index.php?rest_route=\/wp\/v2\/posts"}],"about":[{"href":"https:\/\/radiocresatelital.com\/index.php?rest_route=\/wp\/v2\/types\/post"}],"author":[{"embeddable":true,"href":"https:\/\/radiocresatelital.com\/index.php?rest_route=\/wp\/v2\/users\/2"}],"replies":[{"embeddable":true,"href":"https:\/\/radiocresatelital.com\/index.php?rest_route=%2Fwp%2Fv2%2Fcomments&post=17494"}],"version-history":[{"count":1,"href":"https:\/\/radiocresatelital.com\/index.php?rest_route=\/wp\/v2\/posts\/17494\/revisions"}],"predecessor-version":[{"id":17496,"href":"https:\/\/radiocresatelital.com\/index.php?rest_route=\/wp\/v2\/posts\/17494\/revisions\/17496"}],"wp:featuredmedia":[{"embeddable":true,"href":"https:\/\/radiocresatelital.com\/index.php?rest_route=\/wp\/v2\/media\/17495"}],"wp:attachment":[{"href":"https:\/\/radiocresatelital.com\/index.php?rest_route=%2Fwp%2Fv2%2Fmedia&parent=17494"}],"wp:term":[{"taxonomy":"category","embeddable":true,"href":"https:\/\/radiocresatelital.com\/index.php?rest_route=%2Fwp%2Fv2%2Fcategories&post=17494"},{"taxonomy":"post_tag","embeddable":true,"href":"https:\/\/radiocresatelital.com\/index.php?rest_route=%2Fwp%2Fv2%2Ftags&post=17494"}],"curies":[{"name":"wp","href":"https:\/\/api.w.org\/{rel}","templated":true}]}}