{"id":1749,"date":"2023-07-31T22:58:31","date_gmt":"2023-07-31T22:58:31","guid":{"rendered":"https:\/\/radiocresatelital.com\/?p=1749"},"modified":"2023-07-31T22:58:44","modified_gmt":"2023-07-31T22:58:44","slug":"atm-socializa-el-buen-uso-de-paraderos-de-buses-urbanos-en-el-terminal-terrestre-de-guayaquil","status":"publish","type":"post","link":"https:\/\/radiocresatelital.com\/?p=1749","title":{"rendered":"ATM socializa el buen uso de paraderos de buses urbanos en el Terminal Terrestre de Guayaquil"},"content":{"rendered":"<p>Guayaquil.- Desde tempranas horas de este lunes 31 de julio de 2023, personal de Vinculaci\u00f3n Ciudadana de la Agencia de Tr\u00e1nsito y Movilidad (ATM) se concentr\u00f3 en los andenes del Terminal Terrestre, para socializar con los usuarios y conductores el respeto y el buen uso de los paraderos.<\/p>\n<p>En el lugar se control\u00f3 que los pasajeros respeten las filas, que los conductores cumplan con el tiempo establecido para dejar y recoger a los usuarios, y que hagan uso del and\u00e9n que les corresponde.<\/p>\n<p>Estas y otras acciones fueron tratadas d\u00edas atr\u00e1s, durante un encuentro que mantuvo la ATM con los dirigentes de las operadoras de transporte p\u00fablico, en busca de mejorar el flujo el vehicular y la atenci\u00f3n a los pasajeros de la Terminal Terrestre.<\/p>\n<p>Napole\u00f3n Barahona, presidente de la cooperativa Juan Pablo, reconoce que el control es necesario. \u201cNos sumamos a la campa\u00f1a de la ATM, que nos hace un llamado para hacer un buen uso de los andenes, a dar un buen servicio y eso es lo que queremos, porque s\u00ed se puede\u201d.<\/p>\n<p>La ATM lleva a cabo estas acciones como parte de un proyecto que implica el control de la circulaci\u00f3n de unidades de transporte p\u00fablico, en zonas donde existe mayor concentraci\u00f3n de usuarios.<\/p>\n","protected":false},"excerpt":{"rendered":"<p>Guayaquil.- Desde tempranas horas de este lunes 31 de julio de 2023, personal de Vinculaci\u00f3n Ciudadana de la Agencia de Tr\u00e1nsito y Movilidad (ATM) se concentr\u00f3 en los andenes del Terminal Terrestre, para socializar con los usuarios y conductores el respeto y el buen uso de los paraderos. En el lugar se control\u00f3 que los [&hellip;]<\/p>\n","protected":false},"author":2,"featured_media":1750,"comment_status":"open","ping_status":"closed","sticky":false,"template":"","format":"standard","meta":{"_jetpack_memberships_contains_paid_content":false,"footnotes":""},"categories":[33,13],"tags":[293],"class_list":["post-1749","post","type-post","status-publish","format-standard","has-post-thumbnail","hentry","category-guayaquil","category-noticias-nacionales","tag-alcaldia-de-guayaquil"],"jetpack_featured_media_url":"https:\/\/radiocresatelital.com\/wp-content\/uploads\/2023\/07\/IMG_9533-2-scaled.jpg","jetpack_sharing_enabled":true,"_links":{"self":[{"href":"https:\/\/radiocresatelital.com\/index.php?rest_route=\/wp\/v2\/posts\/1749","targetHints":{"allow":["GET"]}}],"collection":[{"href":"https:\/\/radiocresatelital.com\/index.php?rest_route=\/wp\/v2\/posts"}],"about":[{"href":"https:\/\/radiocresatelital.com\/index.php?rest_route=\/wp\/v2\/types\/post"}],"author":[{"embeddable":true,"href":"https:\/\/radiocresatelital.com\/index.php?rest_route=\/wp\/v2\/users\/2"}],"replies":[{"embeddable":true,"href":"https:\/\/radiocresatelital.com\/index.php?rest_route=%2Fwp%2Fv2%2Fcomments&post=1749"}],"version-history":[{"count":1,"href":"https:\/\/radiocresatelital.com\/index.php?rest_route=\/wp\/v2\/posts\/1749\/revisions"}],"predecessor-version":[{"id":1751,"href":"https:\/\/radiocresatelital.com\/index.php?rest_route=\/wp\/v2\/posts\/1749\/revisions\/1751"}],"wp:featuredmedia":[{"embeddable":true,"href":"https:\/\/radiocresatelital.com\/index.php?rest_route=\/wp\/v2\/media\/1750"}],"wp:attachment":[{"href":"https:\/\/radiocresatelital.com\/index.php?rest_route=%2Fwp%2Fv2%2Fmedia&parent=1749"}],"wp:term":[{"taxonomy":"category","embeddable":true,"href":"https:\/\/radiocresatelital.com\/index.php?rest_route=%2Fwp%2Fv2%2Fcategories&post=1749"},{"taxonomy":"post_tag","embeddable":true,"href":"https:\/\/radiocresatelital.com\/index.php?rest_route=%2Fwp%2Fv2%2Ftags&post=1749"}],"curies":[{"name":"wp","href":"https:\/\/api.w.org\/{rel}","templated":true}]}}