{"id":17483,"date":"2024-08-07T20:08:42","date_gmt":"2024-08-07T20:08:42","guid":{"rendered":"https:\/\/radiocresatelital.com\/?p=17483"},"modified":"2024-08-07T20:08:42","modified_gmt":"2024-08-07T20:08:42","slug":"cetad-libertadores-ha-brindado-tratamiento-a-500-jovenes-de-la-comunidad","status":"publish","type":"post","link":"https:\/\/radiocresatelital.com\/?p=17483","title":{"rendered":"CETAD \u201cLibertadores\u201d ha brindado tratamiento a 500 j\u00f3venes de la comunidad"},"content":{"rendered":"<p>Guayaquil.- El Ministerio de Salud P\u00fablica (MSP) conmemor\u00f3 el 8vo. aniversario del Centro Especializado en Tratamiento a Personas con Consumo Problem\u00e1tico de Alcohol y otras Drogas (CETAD) \u201cLibertadores\u201d, entidad que brinda atenci\u00f3n especializada a j\u00f3venes entre 12 y 17 a\u00f1os de edad de sexo masculino.<\/p>\n<p>Desde su inauguraci\u00f3n en el a\u00f1o 2016, este centro especializado, ubicado en el Km. 6.5 v\u00eda a la costa en la ciudad de Guayaquil, ha alcanzado numerosos logros significativos en el tratamiento y rehabilitaci\u00f3n de j\u00f3venes con problemas de adicci\u00f3n.<\/p>\n<p>Un total de 500 j\u00f3venes han sido parte del CETAD \u201cLibertadores\u201d en sus 8 a\u00f1os de existencia. Son pacientes que han cumplido el tratamiento residencial de 6 meses y culminaron con \u00e9xito su proceso terap\u00e9utico establecido dentro del centro. Cabe resaltar que estos j\u00f3venes al terminar su tratamiento residencial inician un proceso de seguimiento en establecimientos del primer nivel de atenci\u00f3n en salud.<\/p>\n<p>Durante el evento de aniversario se otorgaron reconocimientos especiales a los profesionales que han contribuido significativamente a alcanzar los objetivos del centro y proporcionar un tratamiento de calidad a los pacientes.<\/p>\n<p>\u201cQuiero expresar mi profundo agradecimiento al CETAD \u201cLibertadores\u201d del Ministerio de Salud P\u00fablica, ya que mi hijo Juan luch\u00f3 durante muchos a\u00f1os contra la adicci\u00f3n a las drogas. Gracias al apoyo y tratamiento integral que recibi\u00f3, hoy est\u00e1 recuperado y con un futuro prometedor\u201d, expres\u00f3 Bricida Vera, madre de familia.<\/p>\n<p>Por su parte, Alexandra Santill\u00e1n Falconez, directora Distrital 09D08, indic\u00f3 que \u201cel MSP expresa su m\u00e1s profundo agradecimiento a todo el personal del CETAD \u201cLibertadores\u201d, a las familias de los pacientes y a la comunidad en general por su apoyo continuo durante estos ocho a\u00f1os de vida institucional. Juntos, hemos logrado crear un espacio de esperanza y recuperaci\u00f3n para aquellos que m\u00e1s lo necesitan\u201d finaliz\u00f3.<\/p>\n","protected":false},"excerpt":{"rendered":"<p>Guayaquil.- El Ministerio de Salud P\u00fablica (MSP) conmemor\u00f3 el 8vo. aniversario del Centro Especializado en Tratamiento a Personas con Consumo Problem\u00e1tico de Alcohol y otras Drogas (CETAD) \u201cLibertadores\u201d, entidad que brinda atenci\u00f3n especializada a j\u00f3venes entre 12 y 17 a\u00f1os de edad de sexo masculino. Desde su inauguraci\u00f3n en el a\u00f1o 2016, este centro especializado, [&hellip;]<\/p>\n","protected":false},"author":2,"featured_media":17484,"comment_status":"open","ping_status":"closed","sticky":false,"template":"","format":"standard","meta":{"_jetpack_memberships_contains_paid_content":false,"footnotes":""},"categories":[13],"tags":[148],"class_list":["post-17483","post","type-post","status-publish","format-standard","has-post-thumbnail","hentry","category-noticias-nacionales","tag-ministerio-de-salud-publica"],"jetpack_featured_media_url":"https:\/\/radiocresatelital.com\/wp-content\/uploads\/2024\/08\/a-1536x1119-1.jpeg","jetpack_sharing_enabled":true,"_links":{"self":[{"href":"https:\/\/radiocresatelital.com\/index.php?rest_route=\/wp\/v2\/posts\/17483","targetHints":{"allow":["GET"]}}],"collection":[{"href":"https:\/\/radiocresatelital.com\/index.php?rest_route=\/wp\/v2\/posts"}],"about":[{"href":"https:\/\/radiocresatelital.com\/index.php?rest_route=\/wp\/v2\/types\/post"}],"author":[{"embeddable":true,"href":"https:\/\/radiocresatelital.com\/index.php?rest_route=\/wp\/v2\/users\/2"}],"replies":[{"embeddable":true,"href":"https:\/\/radiocresatelital.com\/index.php?rest_route=%2Fwp%2Fv2%2Fcomments&post=17483"}],"version-history":[{"count":1,"href":"https:\/\/radiocresatelital.com\/index.php?rest_route=\/wp\/v2\/posts\/17483\/revisions"}],"predecessor-version":[{"id":17485,"href":"https:\/\/radiocresatelital.com\/index.php?rest_route=\/wp\/v2\/posts\/17483\/revisions\/17485"}],"wp:featuredmedia":[{"embeddable":true,"href":"https:\/\/radiocresatelital.com\/index.php?rest_route=\/wp\/v2\/media\/17484"}],"wp:attachment":[{"href":"https:\/\/radiocresatelital.com\/index.php?rest_route=%2Fwp%2Fv2%2Fmedia&parent=17483"}],"wp:term":[{"taxonomy":"category","embeddable":true,"href":"https:\/\/radiocresatelital.com\/index.php?rest_route=%2Fwp%2Fv2%2Fcategories&post=17483"},{"taxonomy":"post_tag","embeddable":true,"href":"https:\/\/radiocresatelital.com\/index.php?rest_route=%2Fwp%2Fv2%2Ftags&post=17483"}],"curies":[{"name":"wp","href":"https:\/\/api.w.org\/{rel}","templated":true}]}}