{"id":17419,"date":"2024-08-05T22:04:14","date_gmt":"2024-08-05T22:04:14","guid":{"rendered":"https:\/\/radiocresatelital.com\/?p=17419"},"modified":"2024-08-05T22:04:28","modified_gmt":"2024-08-05T22:04:28","slug":"con-apoyo-del-municipio-de-guayaquil-la-seleccion-nacional-de-voleibol-sub-17-representara-a-ecuador-en-el-mundial-de-peru","status":"publish","type":"post","link":"https:\/\/radiocresatelital.com\/?p=17419","title":{"rendered":"Con apoyo del Municipio de Guayaquil, la selecci\u00f3n nacional de voleibol sub 17 representar\u00e1 a Ecuador en el mundial de Per\u00fa"},"content":{"rendered":"<p>Guayaquil.- El Municipio de Guayaquil apoyar\u00e1 a la selecci\u00f3n ecuatoriana de voleibol femenina sub 17 en su primera participaci\u00f3n mundialista.<\/p>\n<p>El Mundial se disputar\u00e1 en Per\u00fa el pr\u00f3ximo 17 de agosto. Por ello, durante la sesi\u00f3n del Concejo Municipal del pasado 1 de agosto de 2024, se aprob\u00f3 el convenio de cooperaci\u00f3n y transferencia de asignaci\u00f3n no reembolsable con la Federaci\u00f3n Ecuatoriana de Voleibol.<\/p>\n<p>De las 12 mujeres que integran el equipo, nueve son guayaquile\u00f1as. Todas ellas buscan hacer historia en Lima. Con el aporte del Municipio se cubrir\u00e1n costos de pasaje, hospedaje y alimentaci\u00f3n.<\/p>\n<p>Romina Alc\u00edvar, seleccionada de voleibol, mencion\u00f3 que \u201cnosotras alcanzamos el cuarto lugar en el sudamericano pasado, solo iban a clasificar los 3 primeros lugares, pero despu\u00e9s de unos meses, Per\u00fa obtuvo la sede y se abri\u00f3 un cupo m\u00e1s para Sudam\u00e9rica. Es la primera vez que Ecuador va a este tipo de torneos mundiales\u201d.<\/p>\n<p>\u201cAgradecemos much\u00edsimo al Alcalde, el voleibol no es un deporte muy visto en el pa\u00eds \u00faltimamente, pero gracias al apoyo que nos est\u00e1n dando podemos realizar este viaje que es muy importante para nosotras y nuestro futuro\u201d, a\u00f1adi\u00f3 la joven deportista de 15 a\u00f1os de edad.<\/p>\n<p>Parte de la visi\u00f3n del Alcalde Aquiles \u00c1lvarez es fortalecer el tejido social de Guayaquil a trav\u00e9s del deporte.<\/p>\n<p>Por eso, las diferentes iniciativas de Direcci\u00f3n de Deportes del Municipio de Guayaquil han beneficiado a m\u00e1s de 54.000 personas, como parte de la construcci\u00f3n de la Ciudad de Todos.<\/p>\n","protected":false},"excerpt":{"rendered":"<p>Guayaquil.- El Municipio de Guayaquil apoyar\u00e1 a la selecci\u00f3n ecuatoriana de voleibol femenina sub 17 en su primera participaci\u00f3n mundialista. El Mundial se disputar\u00e1 en Per\u00fa el pr\u00f3ximo 17 de agosto. Por ello, durante la sesi\u00f3n del Concejo Municipal del pasado 1 de agosto de 2024, se aprob\u00f3 el convenio de cooperaci\u00f3n y transferencia de [&hellip;]<\/p>\n","protected":false},"author":2,"featured_media":17421,"comment_status":"open","ping_status":"closed","sticky":false,"template":"","format":"standard","meta":{"_jetpack_memberships_contains_paid_content":false,"footnotes":""},"categories":[9],"tags":[2785,114],"class_list":["post-17419","post","type-post","status-publish","format-standard","has-post-thumbnail","hentry","category-deportes","tag-mundial-de-voleibol","tag-municipio-de-guayaquil"],"jetpack_featured_media_url":"https:\/\/radiocresatelital.com\/wp-content\/uploads\/2024\/08\/mullo-3.jpg","jetpack_sharing_enabled":true,"_links":{"self":[{"href":"https:\/\/radiocresatelital.com\/index.php?rest_route=\/wp\/v2\/posts\/17419","targetHints":{"allow":["GET"]}}],"collection":[{"href":"https:\/\/radiocresatelital.com\/index.php?rest_route=\/wp\/v2\/posts"}],"about":[{"href":"https:\/\/radiocresatelital.com\/index.php?rest_route=\/wp\/v2\/types\/post"}],"author":[{"embeddable":true,"href":"https:\/\/radiocresatelital.com\/index.php?rest_route=\/wp\/v2\/users\/2"}],"replies":[{"embeddable":true,"href":"https:\/\/radiocresatelital.com\/index.php?rest_route=%2Fwp%2Fv2%2Fcomments&post=17419"}],"version-history":[{"count":2,"href":"https:\/\/radiocresatelital.com\/index.php?rest_route=\/wp\/v2\/posts\/17419\/revisions"}],"predecessor-version":[{"id":17423,"href":"https:\/\/radiocresatelital.com\/index.php?rest_route=\/wp\/v2\/posts\/17419\/revisions\/17423"}],"wp:featuredmedia":[{"embeddable":true,"href":"https:\/\/radiocresatelital.com\/index.php?rest_route=\/wp\/v2\/media\/17421"}],"wp:attachment":[{"href":"https:\/\/radiocresatelital.com\/index.php?rest_route=%2Fwp%2Fv2%2Fmedia&parent=17419"}],"wp:term":[{"taxonomy":"category","embeddable":true,"href":"https:\/\/radiocresatelital.com\/index.php?rest_route=%2Fwp%2Fv2%2Fcategories&post=17419"},{"taxonomy":"post_tag","embeddable":true,"href":"https:\/\/radiocresatelital.com\/index.php?rest_route=%2Fwp%2Fv2%2Ftags&post=17419"}],"curies":[{"name":"wp","href":"https:\/\/api.w.org\/{rel}","templated":true}]}}